{"id":7298,"date":"2025-07-20T11:34:02","date_gmt":"2025-07-20T09:34:02","guid":{"rendered":"https:\/\/www.cantabriarallye.net\/newcantabriarallye\/?p=7298"},"modified":"2025-07-20T11:34:02","modified_gmt":"2025-07-20T09:34:02","slug":"miguel-gutierrez-vence-en-cabarga-y-toma-la-delantera","status":"publish","type":"post","link":"https:\/\/www.cantabriarallye.net\/newcantabriarallye\/miguel-gutierrez-vence-en-cabarga-y-toma-la-delantera\/","title":{"rendered":"Miguel Guti\u00e9rrez, vence en Cabarga y toma la delantera."},"content":{"rendered":"<p>Otra nueva edici\u00f3n de la subida a Pe\u00f1a Cabarga, en donde el piloto de Icar autom\u00f3viles, Miguel Guti\u00e9rrez, consegu\u00eda la victoria y tomaba la delantera en el Campeonato regional.<br \/>\nLa segunda posici\u00f3n era para Marcos rodr\u00edguez Av\u00edn, con su Formula Outeda, siendo la tercera posici\u00f3n para Javier Polanco, con Formula Dicode.<br \/>\nEn las diferentes copas y trofeos de Cantabria entre los Car-Cross de monta\u00f1a el l\u00edder era Javi Soto, siendo los cl\u00e1sicos de Velocidad para Rebeca del Pozo.<br \/>\nLa copa Carrozados era para Gustavo Castro, adem\u00e1s de la propulsi\u00f3n, siendo la copa CM Promo para Jes\u00fas Gonz\u00e1lez y la Junior para Iv\u00e1n Fern\u00e1ndez.<br \/>\nGran trabajo de Nola sport, en esta nueva edici\u00f3n de la subida a Pe\u00f1a Cabarga.<\/p>\n<table border=\"0\" align=\"center\">\n<tbody>\n<tr>\n<td>\n<div align=\"center\"><img decoding=\"async\" src=\"https:\/\/www.cantabriarallye.net\/newcantabriarallye\/wp-content\/uploads\/2025\/pruebas2025\/cabarga\/portada.jpg\" \/><\/div>\n<\/td>\n<\/tr>\n<tr>\n<td>\n<div align=\"center\"><span style=\"font-family: Verdana, Arial, Helvetica, sans-serif;\">Miguel Guti\u00e9rrez, consegu\u00eda la<br \/>\nvictoria en Cabarga<br \/>\nFoto : CantabriaRallye.net<\/span><\/div>\n<\/td>\n<\/tr>\n<\/tbody>\n<\/table>\n<p><!--more--><\/p>\n<table class=\" alignright\" style=\"width: 500px;\" border=\"0\" align=\"right\">\n<tbody>\n<tr>\n<td>\n<div align=\"center\"><img decoding=\"async\" src=\"https:\/\/www.cantabriarallye.net\/newcantabriarallye\/wp-content\/uploads\/2025\/pruebas2025\/cabarga\/miguel.jpg\" \/><\/div>\n<\/td>\n<\/tr>\n<tr>\n<td>\n<div align=\"center\"><span style=\"font-family: Verdana, Arial, Helvetica, sans-serif;\">Miguel Guti\u00e9rrez, consegu\u00eda la<br \/>\nvictoria en Cabarga<br \/>\nFoto : CantabriaRallye.net<\/span><\/div>\n<\/td>\n<\/tr>\n<tr>\n<td>\n<div align=\"center\"><img decoding=\"async\" src=\"https:\/\/www.cantabriarallye.net\/newcantabriarallye\/wp-content\/uploads\/2025\/pruebas2025\/cabarga\/marcos.jpg\" \/><\/div>\n<\/td>\n<\/tr>\n<tr>\n<td>\n<div align=\"center\"><span style=\"font-family: Verdana, Arial, Helvetica, sans-serif;\">Marcos Rodr\u00edguez, era el segundo<br \/>\nclasificado.<br \/>\nFoto : CantabriaRallye.net<\/span><\/div>\n<\/td>\n<\/tr>\n<tr>\n<td>\n<div align=\"center\"><img decoding=\"async\" src=\"https:\/\/www.cantabriarallye.net\/newcantabriarallye\/wp-content\/uploads\/2025\/pruebas2025\/cabarga\/polanco.jpg\" \/><\/div>\n<\/td>\n<\/tr>\n<tr>\n<td>\n<div align=\"center\"><span style=\"font-family: Verdana, Arial, Helvetica, sans-serif;\">Javi Polanco, ocupaba la tercera<br \/>\nposici\u00f3n, en el Podium final<br \/>\nFoto : CantabriaRallye.net<\/span><\/div>\n<\/td>\n<\/tr>\n<tr>\n<td>\n<div align=\"center\"><img decoding=\"async\" src=\"https:\/\/www.cantabriarallye.net\/newcantabriarallye\/wp-content\/uploads\/2025\/pruebas2025\/cabarga\/soto.jpg\" \/><\/div>\n<\/td>\n<\/tr>\n<tr>\n<td>\n<div align=\"center\"><span style=\"font-family: Verdana, Arial, Helvetica, sans-serif;\">Javi Soto, era el l\u00edder, entre los Car<br \/>\nCross de Monta\u00f1a.<br \/>\nFoto : CantabriaRallye.net<\/span><\/div>\n<\/td>\n<\/tr>\n<\/tbody>\n<\/table>\n<p>Otra nueva edici\u00f3n de la subida a Pe\u00f1a Cabarga, organizada, nuevamente por la escuder\u00eda Nola Sport. De nuevo, los organizadores y comisarios de la escuder\u00eda, consegu\u00edan una prueba \u00abexquisita\u00bb, guiada por David Bustamante.<br \/>\nAlgunas salidas de pista y alg\u00fan que otro abandono, que todo era coordinado por la direcci\u00f3n de carrera, para que el p\u00fablico, apenas notara, las pocas pausas que generaban.<br \/>\nVolvemos a hablar de los comisarios, esos OLVIDADOS, que tienen que tratar de tener todo a punto para la carrera. Un trabajo excepcional y que casi NUNCA se valora, am\u00e9n de los \u00abt\u00edpicos\u00bb que con dos \u00abcervezas\u00bb la est\u00e1n \u00abmontando\u00bb.<br \/>\nGran trabajo de estos Comisarios y no quiero olvidarme de los RADIOS, que tambi\u00e9n realizan una gran labor.<br \/>\nY ya por \u00faltimo, quer\u00eda destacar el trabajo, de los comisarios que est\u00e1n encintando los Tramos, pues en Cabarga tambi\u00e9n, bajo mi punto de vista ha sido muy bueno. Todo perfectamente delimitado, as\u00ed como las zonas donde no se puede situar, publico, todo bien cuidado, para que no cometamos imprudencias.<br \/>\nTenemos que decir que nuestras pruebas en Cantabria, cada vez se realizan mejor, nuestros organizadores, realizan un trabajo excepcional y es para PRESUMIR, las pocas veces que sales fuera de Cantabria, del trabajo que se realiza en \u00abla Tierruca\u00bb por parte de los organizadores.<br \/>\nNo me canso de decir \u00abque la monta\u00f1a est\u00e1 muy sana\u00bb y parte de la \u00abCULPA\u00bb es de nuestros organizadores, que en cada edici\u00f3n, cada vez lo HACEN MEJOR y cr\u00e9anme ustedes, que es MUY DIFICIL. De nuevo, Nola Sport y toda su gente, realizaba un trabajo BRILLANTE.<br \/>\nEn el terreno deportivo, tenemos que decir, que hemos tenido una bonita prueba de Monta\u00f1a, muy animada, si bien, se esperaba una gran inscripci\u00f3n, en esta prueba, que est\u00e1 colocada estrat\u00e9gicamente, para ser, una de las pruebas \u00abimportantes\u00bb del campeonato y no te la puedes perder.<br \/>\nEn esta ocasi\u00f3n, Miguel Guti\u00e9rrez, con su Osella PA 21, consegu\u00eda la victoria, estando por detr\u00e1s, esta \u00abbonita\u00bb legi\u00f3n de formulas, que dan \u00abcolorido\u00bb a nuestro regional de Monta\u00f1a.<br \/>\nDespu\u00e9s de la manga de entrenos, comenzaban las tres mangas oficiales. Si el d\u00eda comenzaba \u00ablluvioso\u00bb, para cuadro empezaban las mangas oficiales, la pista estaba m\u00e1s que seca, con lo que el espect\u00e1culo, seria \u00abmay\u00fasculo\u00bb.<\/p>\n<p>Comenzaba la primera manga oficial, en donde el mejor de los cronos era para Marcos Rodr\u00edguez Av\u00edn, con su Formula Outeda MK4. Rodr\u00edguez Av\u00edn, consegu\u00eda un crono de 2:53,04, con lo que consegu\u00eda el liderato en esta primera ascensi\u00f3n. Se hablaba en las cunetas \u00abel gran hacer y la progresi\u00f3n de este piloto\u00bb, en pocas temporadas y en Cabarga, est\u00e1bamos obtenido resultados.<br \/>\nla segunda posici\u00f3n en esta ascensi\u00f3n era para Javier Polanco, otro piloto, que tambi\u00e9n poco a poco y \u00aba la chita callando\u00bb est\u00e1 dando dinamismo y buen hacer a este campeonato C\u00e1ntabro. Polanco con su Formula Dicode FR, se colocaba a DOS segundos del actual l\u00edder, siendo la tercera posici\u00f3n para Miguel Guti\u00e9rrez, con su Osella PA21 a CUATRO SEGUNDOS Y MEDIO, del actual l\u00edder.<br \/>\nParece que tendr\u00edamos unas mangas muy disputadas y mas que entretenidas, que \u00abASI\u00bb, tiene que ser nuestras pruebas de Monta\u00f1a.<br \/>\nLa cuarta posici\u00f3n en esta ascensi\u00f3n era para Gus Castro, con su Lambo, siendo la quinta posici\u00f3n para Mario Asenjo. Gustavo, con su \u00abLambo\u00bb Hurac\u00e1n consegu\u00eda un crono de 3:03,39 y Mario Asenjo, un crono de 3:04,72, que volv\u00eda a \u00abacusar\u00bb problemas mec\u00e1nicos, pues su Nova NP03, no \u00absuena\u00bb como antes.<br \/>\nAs\u00ed terminaba la primera oficial, con una manga muy disputada y con un bonito espect\u00e1culo, que todos los buenos aficionados a la monta\u00f1a, saben disfrutar. <!--nextpage--><\/p>\n<table class=\" alignleft\" style=\"width: 500px;\" border=\"0\" align=\"right\">\n<tbody>\n<tr>\n<td>\n<div align=\"center\"><img decoding=\"async\" src=\"https:\/\/www.cantabriarallye.net\/newcantabriarallye\/wp-content\/uploads\/2025\/pruebas2025\/cabarga\/pozo.jpg\" \/><\/div>\n<\/td>\n<\/tr>\n<tr>\n<td>\n<div align=\"center\"><span style=\"font-family: Verdana, Arial, Helvetica, sans-serif;\">Rebeca del Pozo, lider entre los<br \/>\nclasicos de Velocidad.<br \/>\nFoto : CantabriaRallye.net<\/span><\/div>\n<\/td>\n<\/tr>\n<tr>\n<td>\n<div align=\"center\"><img decoding=\"async\" src=\"https:\/\/www.cantabriarallye.net\/newcantabriarallye\/wp-content\/uploads\/2025\/pruebas2025\/cabarga\/gus.jpg\" \/><\/div>\n<\/td>\n<\/tr>\n<tr>\n<td>\n<div align=\"center\"><span style=\"font-family: Verdana, Arial, Helvetica, sans-serif;\">Gus castro conseguia los<br \/>\nCarrozados y la Propulsion.<br \/>\nFoto : CantabriaRallye.net<\/span><\/div>\n<\/td>\n<\/tr>\n<tr>\n<td>\n<div align=\"center\"><img decoding=\"async\" src=\"https:\/\/www.cantabriarallye.net\/newcantabriarallye\/wp-content\/uploads\/2025\/pruebas2025\/cabarga\/jesus.jpg\" \/><\/div>\n<\/td>\n<\/tr>\n<tr>\n<td>\n<div align=\"center\"><span style=\"font-family: Verdana, Arial, Helvetica, sans-serif;\">Entre los CM, Jesus era el Lider.<br \/>\nFoto : CantabriaRallye.net<\/span><\/div>\n<\/td>\n<\/tr>\n<tr>\n<td>\n<div align=\"center\"><img decoding=\"async\" src=\"https:\/\/www.cantabriarallye.net\/newcantabriarallye\/wp-content\/uploads\/2025\/pruebas2025\/cabarga\/ivan.jpg\" \/><\/div>\n<\/td>\n<\/tr>\n<tr>\n<td>\n<div align=\"center\"><span style=\"font-family: Verdana, Arial, Helvetica, sans-serif;\">Ivan Fernandez, lider entre los<br \/>\nJunior.<br \/>\nFoto : CantabriaRallye.net<\/span><\/div>\n<\/td>\n<\/tr>\n<\/tbody>\n<\/table>\n<p>Comenzaba con puntualidad \u00abbrit\u00e1nica\u00bb la siguiente ascensi\u00f3n a Pe\u00f1a Cabarga.<br \/>\nEn esta segunda ascensi\u00f3n, el mejor de los cronos ya era para Miguel Guti\u00e9rrez, con su Osella PA21. El piloto de Icar Autom\u00f3viles, consegu\u00eda un estupendo crono de 2:53,30, con lo que se pon\u00eda l\u00edder de la manga.<br \/>\nPor detr\u00e1s ten\u00edamos a Polaco, con su Formula Dicode FR, que estaba realizando un \u00abcarrer\u00f3n\u00bb y prueba de ello, era los cronos conseguidos. En esta segunda ascensi\u00f3n, el crono de Polanco era de 2:55,20, siendo la tercera posici\u00f3n para Jes\u00fas Gonz\u00e1lez, con su Silver Car S2, que se \u00abacomodaba\u00bb en esta posici\u00f3n y consegu\u00eda un crono de 2:56,41.<br \/>\nLa cuarta y la quinta posici\u00f3n era para Mario Asenjo y Rub\u00e9n Echevarr\u00eda. Asenjo, paraba el crono en 2:56,61, siendo de 2:59,76 el crono de Echevarr\u00eda.<br \/>\nVolv\u00edamos a divertirnos como \u00ablos enanos\u00bb adem\u00e1s del espect\u00e1culo que estaban dando \u00bb la legi\u00f3n de BMW\u00bb, que era digno de verlos a todos ellos. La gente se volv\u00eda loca, animando a sus pilotos y cuando se est\u00e1 disfrutado, tanto el piloto con la conducci\u00f3n, como el aficionado con SU conducci\u00f3n, que m\u00e1s se puede querer.<\/p>\n<p>Ultima ascensi\u00f3n en la 48 edici\u00f3n de Pe\u00f1a Cabarga. Bonita lucha por los puestos de Cabeza, que est\u00e1bamos presenciando en la m\u00edtica prueba de monta\u00f1a. En esta ocasi\u00f3n, los cronos del P\u00f3dium de esta edici\u00f3n, se consegu\u00edan en esta ascensi\u00f3n.<br \/>\nMiguel Guti\u00e9rrez, SENTENCIABA, la Subida, como si se tratase de un JUEZ. Guti\u00e9rrez, consegu\u00eda un crono de 2:50,09, con lo que le colocaba l\u00edder de la prueba.<br \/>\nLa segunda posici\u00f3n en esta manga era para Marcos Rodr\u00edguez Av\u00edn, que se colocaba a SEGUNDO Y MEDIO de Guti\u00e9rrez y ocupaba el segundo caj\u00f3n del P\u00f3dium.<br \/>\nClaro, Polanco, era el tercer clasificado en la ascensi\u00f3n y en el p\u00f3dium final de Cabarga. 2:53,84 era el crono de el piloto patrocinado por Rotulaci\u00f3n Javi Polanco.<br \/>\nValla carrer\u00f3n que estaban realizando estos pilotos, que en su bonita lucha personal, lo estaban d\u00e1ndolo \u00abtodo\u00bb y consegu\u00edan \u00abde paso\u00bb el p\u00f3dium final.<br \/>\nLa cuarta y la quinta posici\u00f3n era para Rub\u00e9n Echavarr\u00eda y Arnaud Dardans. Echevarr\u00eda consegu\u00eda un crono de 2:58,41, siendo de 2:59,21 el crono de Dardans.<br \/>\nfinalmente, con los conos en la mano, el p\u00f3dium, era como dec\u00edamos anteriormente, para Miguel Guti\u00e9rrez, con Marcos Rodr\u00edguez como segundo clasificado, siendo Javi Polanco, el tercer clasificado.<br \/>\nEn las diferentes copas y trofeos de Cantabria entre los Car-Cross de monta\u00f1a el l\u00edder era Javi Soto, siendo la segunda posici\u00f3n para Jacobo Espa\u00f1a y David Frechilla.<br \/>\nLos cl\u00e1sicos de Velocidad eran para Rebeca del Pozo, siendo la copa Carrozados para Gustavo Castro, seguido de Xavier Lujua y Ricardo G\u00f3mez. Esta ultima clasificaci\u00f3n tambi\u00e9n era para la copa de Propulsi\u00f3n.<br \/>\nLa copa CM Promo era para Jes\u00fas Gonz\u00e1lez, siendo la segunda posici\u00f3n para Rub\u00e9n Echevarr\u00eda y el tercer clasificado era Arnaud Dardans.<br \/>\nEntre los Junior, el l\u00edder era Iv\u00e1n Fern\u00e1ndez, siendo la segunda posici\u00f3n para Enol Ordiales. el tercer clasificado era Pedro Aizpeolea.<br \/>\nAs\u00ed terminaba una nueva edici\u00f3n de la Subida a Pe\u00f1a Cabarga, organizada por Nola Sport, para todos nosotros.<\/p>\n<!-- AddThis Advanced Settings generic via filter on the_content --><!-- AddThis Share Buttons generic via filter on the_content -->","protected":false},"excerpt":{"rendered":"<p>Otra nueva edici\u00f3n de la subida a Pe\u00f1a Cabarga, en donde el piloto de Icar autom\u00f3viles, Miguel Guti\u00e9rrez, consegu\u00eda la victoria y tomaba la delantera en el Campeonato regional. La segunda posici\u00f3n era para Marcos rodr\u00edguez Av\u00edn, con su Formula Outeda, siendo la tercera posici\u00f3n para Javier Polanco, con Formula Dicode. En las diferentes copas [&hellip;]<!-- AddThis Advanced Settings generic via filter on wp_trim_excerpt --><!-- AddThis Share Buttons generic via filter on wp_trim_excerpt --><\/p>\n","protected":false},"author":2,"featured_media":7299,"comment_status":"closed","ping_status":"closed","sticky":false,"template":"","format":"standard","meta":{"_exactmetrics_skip_tracking":false,"_exactmetrics_sitenote_active":false,"_exactmetrics_sitenote_note":"","_exactmetrics_sitenote_category":0,"footnotes":""},"categories":[11],"tags":[],"class_list":["post-7298","post","type-post","status-publish","format-standard","has-post-thumbnail","hentry","category-c1-montana"],"_links":{"self":[{"href":"https:\/\/www.cantabriarallye.net\/newcantabriarallye\/wp-json\/wp\/v2\/posts\/7298","targetHints":{"allow":["GET"]}}],"collection":[{"href":"https:\/\/www.cantabriarallye.net\/newcantabriarallye\/wp-json\/wp\/v2\/posts"}],"about":[{"href":"https:\/\/www.cantabriarallye.net\/newcantabriarallye\/wp-json\/wp\/v2\/types\/post"}],"author":[{"embeddable":true,"href":"https:\/\/www.cantabriarallye.net\/newcantabriarallye\/wp-json\/wp\/v2\/users\/2"}],"replies":[{"embeddable":true,"href":"https:\/\/www.cantabriarallye.net\/newcantabriarallye\/wp-json\/wp\/v2\/comments?post=7298"}],"version-history":[{"count":1,"href":"https:\/\/www.cantabriarallye.net\/newcantabriarallye\/wp-json\/wp\/v2\/posts\/7298\/revisions"}],"predecessor-version":[{"id":7300,"href":"https:\/\/www.cantabriarallye.net\/newcantabriarallye\/wp-json\/wp\/v2\/posts\/7298\/revisions\/7300"}],"wp:featuredmedia":[{"embeddable":true,"href":"https:\/\/www.cantabriarallye.net\/newcantabriarallye\/wp-json\/wp\/v2\/media\/7299"}],"wp:attachment":[{"href":"https:\/\/www.cantabriarallye.net\/newcantabriarallye\/wp-json\/wp\/v2\/media?parent=7298"}],"wp:term":[{"taxonomy":"category","embeddable":true,"href":"https:\/\/www.cantabriarallye.net\/newcantabriarallye\/wp-json\/wp\/v2\/categories?post=7298"},{"taxonomy":"post_tag","embeddable":true,"href":"https:\/\/www.cantabriarallye.net\/newcantabriarallye\/wp-json\/wp\/v2\/tags?post=7298"}],"curies":[{"name":"wp","href":"https:\/\/api.w.org\/{rel}","templated":true}]}}