{"id":7301,"date":"2025-07-21T12:15:00","date_gmt":"2025-07-21T10:15:00","guid":{"rendered":"https:\/\/www.cantabriarallye.net\/newcantabriarallye\/?p=7301"},"modified":"2025-07-20T21:42:07","modified_gmt":"2025-07-20T19:42:07","slug":"rallye-valle-de-aras-2005-los-videos-de-guelo","status":"publish","type":"post","link":"https:\/\/www.cantabriarallye.net\/newcantabriarallye\/rallye-valle-de-aras-2005-los-videos-de-guelo\/","title":{"rendered":"Rallye Valle de Aras 2005 &#8211; \u00abLos V\u00eddeos de G\u00fcelo\u00bb"},"content":{"rendered":"<p>Para esta ocasi\u00f3n, volvemos a traer uno de los \u00abVideos de G\u00fcelo\u00bb. De su amplia \u00abvideoteca\u00bb hemos rescatado el Rallye del Valle de Aras, del a\u00f1o 2005. Podiamos ver a Bruno Veci, con su Ford Sierra, a Mantec\u00f3n con su Mitsubishi o\u00a0 G\u00f3mez Amigo o tambien Manolo Cabo. Claro, ni que decir tiene que los recuerdos \u00abafloran\u00bb al ver estas im\u00e1genes, con cerca de 20 a\u00f1os de antig\u00fcedad.<br \/>\nEspect\u00e1culo sin igual, en donde los pilotos C\u00e1ntabros de la \u00e9poca, daban rienda suelta a su conducci\u00f3n, adem\u00e1s tambi\u00e9n volveremos a recordar, el \u00abcruce de Riolastras\u00bb.<br \/>\nDe nuevo, gracias a Jes\u00fas Monz\u00f3, editaba para nosotros, en todos sus a\u00f1os de \u00abcunetero\u00bb, rescatando este video del Valle de Aras.<\/p>\n<table border=\"0\" align=\"center\">\n<tbody>\n<tr>\n<td width=\"190\">\n<div align=\"center\"><img decoding=\"async\" src=\"https:\/\/www.cantabriarallye.net\/newcantabriarallye\/wp-content\/uploads\/2025\/noticias\/guelo\/portada18.jpg\" border=\"0\" \/><\/div>\n<\/td>\n<\/tr>\n<tr>\n<td width=\"190\">\n<div align=\"center\"><span style=\"font-size: small;\">Jes\u00fas<\/span><span style=\"font-size: small;\"> Monz\u00f3, posando para nosotros.<br \/>\nFoto:Cantabriarallye.net<\/span><\/div>\n<\/td>\n<\/tr>\n<\/tbody>\n<\/table>\n<p><!--more--><\/p>\n<p>Gracias a Jes\u00fas Monz\u00f3, vamos a poder disfrutar todos nosotros de los mejores a\u00f1os del regional C\u00e1ntabro. En esta ocasi\u00f3n, el Rallye Valle de aras, del a\u00f1o 2005. Cuantos recuerdos, al ver a nuestros pilotos favoritos, compitiendo entre ellos. el espect\u00e1culo es muy grande, adem\u00e1s de todos los AFICIONADOS que poblaban las cunetas.<\/p>\n<p>Tenemos MUCHOS MAS, para que todos podamos disfrutar. Lo bueno en dosis peque\u00f1as y as\u00ed iremos \u00absubi\u00e9ndolo\u00bb todo a nuestro canal.<br \/>\nDisfruten de c\u00f3mo eran antes los Rallyes o los slalom y como se disfrutaba de ellos, todo gracias a los V\u00eddeos de G\u00fcelo, nuestro amigo Jes\u00fas Monz\u00f3.<\/p>\n<table border=\"0\" width=\"57%\" align=\"center\">\n<tbody>\n<tr>\n<td>\n<p align=\"center\">Los V\u00eddeos de \u00abG\u00fcelo\u00bb<\/p>\n<\/td>\n<\/tr>\n<tr>\n<td style=\"text-align: center;\">Rallye Valle de Aras<\/td>\n<\/tr>\n<tr>\n<td style=\"text-align: center;\">\n<div align=\"center\"><iframe loading=\"lazy\" src=\"\/\/www.youtube.com\/embed\/BLAHI0rtAEM\" width=\"560\" height=\"314\" allowfullscreen=\"allowfullscreen\"><\/iframe><\/div>\n<\/td>\n<\/tr>\n<tr>\n<td>\n<hr align=\"center\" \/>\n<p align=\"center\">\n<\/td>\n<\/tr>\n<tr>\n<td>\n<p align=\"center\">\n<\/td>\n<\/tr>\n<\/tbody>\n<\/table>\n<!-- AddThis Advanced Settings generic via filter on the_content --><!-- AddThis Share Buttons generic via filter on the_content -->","protected":false},"excerpt":{"rendered":"<p>Para esta ocasi\u00f3n, volvemos a traer uno de los \u00abVideos de G\u00fcelo\u00bb. De su amplia \u00abvideoteca\u00bb hemos rescatado el Rallye del Valle de Aras, del a\u00f1o 2005. Podiamos ver a Bruno Veci, con su Ford Sierra, a Mantec\u00f3n con su Mitsubishi o\u00a0 G\u00f3mez Amigo o tambien Manolo Cabo. Claro, ni que decir tiene que los [&hellip;]<!-- AddThis Advanced Settings generic via filter on wp_trim_excerpt --><!-- AddThis Share Buttons generic via filter on wp_trim_excerpt --><\/p>\n","protected":false},"author":2,"featured_media":7302,"comment_status":"closed","ping_status":"closed","sticky":false,"template":"","format":"standard","meta":{"_exactmetrics_skip_tracking":false,"_exactmetrics_sitenote_active":false,"_exactmetrics_sitenote_note":"","_exactmetrics_sitenote_category":0,"footnotes":""},"categories":[55],"tags":[],"class_list":["post-7301","post","type-post","status-publish","format-standard","has-post-thumbnail","hentry","category-los-videos-de-guelo"],"_links":{"self":[{"href":"https:\/\/www.cantabriarallye.net\/newcantabriarallye\/wp-json\/wp\/v2\/posts\/7301","targetHints":{"allow":["GET"]}}],"collection":[{"href":"https:\/\/www.cantabriarallye.net\/newcantabriarallye\/wp-json\/wp\/v2\/posts"}],"about":[{"href":"https:\/\/www.cantabriarallye.net\/newcantabriarallye\/wp-json\/wp\/v2\/types\/post"}],"author":[{"embeddable":true,"href":"https:\/\/www.cantabriarallye.net\/newcantabriarallye\/wp-json\/wp\/v2\/users\/2"}],"replies":[{"embeddable":true,"href":"https:\/\/www.cantabriarallye.net\/newcantabriarallye\/wp-json\/wp\/v2\/comments?post=7301"}],"version-history":[{"count":1,"href":"https:\/\/www.cantabriarallye.net\/newcantabriarallye\/wp-json\/wp\/v2\/posts\/7301\/revisions"}],"predecessor-version":[{"id":7303,"href":"https:\/\/www.cantabriarallye.net\/newcantabriarallye\/wp-json\/wp\/v2\/posts\/7301\/revisions\/7303"}],"wp:featuredmedia":[{"embeddable":true,"href":"https:\/\/www.cantabriarallye.net\/newcantabriarallye\/wp-json\/wp\/v2\/media\/7302"}],"wp:attachment":[{"href":"https:\/\/www.cantabriarallye.net\/newcantabriarallye\/wp-json\/wp\/v2\/media?parent=7301"}],"wp:term":[{"taxonomy":"category","embeddable":true,"href":"https:\/\/www.cantabriarallye.net\/newcantabriarallye\/wp-json\/wp\/v2\/categories?post=7301"},{"taxonomy":"post_tag","embeddable":true,"href":"https:\/\/www.cantabriarallye.net\/newcantabriarallye\/wp-json\/wp\/v2\/tags?post=7301"}],"curies":[{"name":"wp","href":"https:\/\/api.w.org\/{rel}","templated":true}]}}