{"id":7353,"date":"2025-09-01T12:15:00","date_gmt":"2025-09-01T10:15:00","guid":{"rendered":"https:\/\/www.cantabriarallye.net\/newcantabriarallye\/?p=7353"},"modified":"2025-08-31T23:15:34","modified_gmt":"2025-08-31T21:15:34","slug":"rallye-alfoz-de-lloredo-cartes-videoentrevistas","status":"publish","type":"post","link":"https:\/\/www.cantabriarallye.net\/newcantabriarallye\/rallye-alfoz-de-lloredo-cartes-videoentrevistas\/","title":{"rendered":"Rallye Alfoz de Lloredo &#8211; Cartes &#8211; Videoentrevistas"},"content":{"rendered":"<p>Llega la III edici\u00f3n del Rallye Alfoz de Lloredo-Cartes, la prueba que la escuder\u00eda Pe Flash organiza para todos nosotros. Una vez m\u00e1s nos visitaban en nuestros estudios del alto de Malia\u00f1o Olga Pernia y en esta ocasi\u00f3n, le acompa\u00f1aba Mari Marfil.<br \/>\nOlga es la encargada de Seguridad de la prueba, desde sus inicios, cuando era Rallysprint y ahora sigue tambi\u00e9n en el rallye y por otra parte Mari, est\u00e1 en el coche de \u00abcierre de Carretera\u00bb, junto a Marian Rojo (Que nos acompa\u00f1o, en la pasada temporada).<br \/>\nPodemos decir que hemos tenido en nuestros estudios a \u00ablas mandamases\u00bb de la prueba.<br \/>\nMuchas, risas, algunas tomas falsas, pero en general pasamos una buena tarde, hablando de nuestro deporte.<\/p>\n<table border=\"0\" align=\"center\">\n<tbody>\n<tr>\n<td colspan=\"1\" rowspan=\"1\">\n<p align=\"center\"><img decoding=\"async\" src=\"https:\/\/www.cantabriarallye.net\/newcantabriarallye\/wp-content\/uploads\/2025\/noticias\/videoimpresiones\/alfoz\/portada.jpg\" border=\"0\" \/><\/p>\n<\/td>\n<\/tr>\n<tr>\n<td colspan=\"1\" rowspan=\"1\">\n<p align=\"center\"><span style=\"font-size: small;\">Foto: Cantabriarallye.net<\/span><\/p>\n<\/td>\n<\/tr>\n<\/tbody>\n<\/table>\n<p><!--more--><\/p>\n<p>Una nueva edici\u00f3n del rallye alfoz de Lloredo Cartes, ya esta aqu\u00ed. Volv\u00edamos a charlar con Olga Pernia, jefa de seguridad y con Mari Marfil, que est\u00e1 junto a Marian Rojo en el coche de cierre de carretera. Volv\u00edamos a charlar de los tramos, de los horarios y en general un poco de todo de esta magn\u00edfica prueba del motor.<br \/>\nalgunas tomas falsas, muchas risas, para hablarnos de esta prueba.<br \/>\nSe espera una gran inscripci\u00f3n con Dani Sordo, como piloto estrella, que NO SE PIERDE este rallye.<br \/>\nDe nuevo, disfruten como hemos disfrutado nosotros, charlando con Olga Pernia y Mari Marfil, de esta nueva prueba<\/p>\n<h1 style=\"text-align: center;\"><strong>VIDEO-ENTREVISTA<\/strong><\/h1>\n<table border=\"0\" width=\"57%\" align=\"center\">\n<tbody>\n<tr>\n<td colspan=\"1\" rowspan=\"1\">\n<p align=\"center\">Olga Pernia y Mari Marfil &#8211; Rallye Alfoz de Lloredo &#8211; Cartes<\/p>\n<\/td>\n<\/tr>\n<tr>\n<td colspan=\"1\" rowspan=\"1\">\n<p align=\"center\"><iframe loading=\"lazy\" src=\"\/\/www.youtube.com\/embed\/IBthLciPnVk\" width=\"560\" height=\"314\" allowfullscreen=\"allowfullscreen\"><\/iframe><\/p>\n<\/td>\n<\/tr>\n<tr>\n<td colspan=\"1\" rowspan=\"1\">\n<hr align=\"center\" \/>\n<\/td>\n<\/tr>\n<tr>\n<td colspan=\"1\" rowspan=\"1\">\n<p align=\"center\"><a href=\"http:\/\/carpinteriabenjamin.com\/carpinteria.htm\"><img decoding=\"async\" src=\"https:\/\/www.cantabriarallye.net\/newcantabriarallye\/wp-content\/uploads\/2017\/noticias\/varios\/benjamin.jpg\" border=\"0\" \/><\/a><\/p>\n<\/td>\n<\/tr>\n<tr>\n<td colspan=\"1\" rowspan=\"1\">\n<p align=\"center\">\n<\/td>\n<\/tr>\n<\/tbody>\n<\/table>\n<!-- AddThis Advanced Settings generic via filter on the_content --><!-- AddThis Share Buttons generic via filter on the_content -->","protected":false},"excerpt":{"rendered":"<p>Llega la III edici\u00f3n del Rallye Alfoz de Lloredo-Cartes, la prueba que la escuder\u00eda Pe Flash organiza para todos nosotros. Una vez m\u00e1s nos visitaban en nuestros estudios del alto de Malia\u00f1o Olga Pernia y en esta ocasi\u00f3n, le acompa\u00f1aba Mari Marfil. Olga es la encargada de Seguridad de la prueba, desde sus inicios, cuando [&hellip;]<!-- AddThis Advanced Settings generic via filter on wp_trim_excerpt --><!-- AddThis Share Buttons generic via filter on wp_trim_excerpt --><\/p>\n","protected":false},"author":2,"featured_media":7354,"comment_status":"closed","ping_status":"closed","sticky":false,"template":"","format":"standard","meta":{"_exactmetrics_skip_tracking":false,"_exactmetrics_sitenote_active":false,"_exactmetrics_sitenote_note":"","_exactmetrics_sitenote_category":0,"footnotes":""},"categories":[37],"tags":[],"class_list":["post-7353","post","type-post","status-publish","format-standard","has-post-thumbnail","hentry","category-c58-ultimas-nocicias"],"_links":{"self":[{"href":"https:\/\/www.cantabriarallye.net\/newcantabriarallye\/wp-json\/wp\/v2\/posts\/7353","targetHints":{"allow":["GET"]}}],"collection":[{"href":"https:\/\/www.cantabriarallye.net\/newcantabriarallye\/wp-json\/wp\/v2\/posts"}],"about":[{"href":"https:\/\/www.cantabriarallye.net\/newcantabriarallye\/wp-json\/wp\/v2\/types\/post"}],"author":[{"embeddable":true,"href":"https:\/\/www.cantabriarallye.net\/newcantabriarallye\/wp-json\/wp\/v2\/users\/2"}],"replies":[{"embeddable":true,"href":"https:\/\/www.cantabriarallye.net\/newcantabriarallye\/wp-json\/wp\/v2\/comments?post=7353"}],"version-history":[{"count":1,"href":"https:\/\/www.cantabriarallye.net\/newcantabriarallye\/wp-json\/wp\/v2\/posts\/7353\/revisions"}],"predecessor-version":[{"id":7355,"href":"https:\/\/www.cantabriarallye.net\/newcantabriarallye\/wp-json\/wp\/v2\/posts\/7353\/revisions\/7355"}],"wp:featuredmedia":[{"embeddable":true,"href":"https:\/\/www.cantabriarallye.net\/newcantabriarallye\/wp-json\/wp\/v2\/media\/7354"}],"wp:attachment":[{"href":"https:\/\/www.cantabriarallye.net\/newcantabriarallye\/wp-json\/wp\/v2\/media?parent=7353"}],"wp:term":[{"taxonomy":"category","embeddable":true,"href":"https:\/\/www.cantabriarallye.net\/newcantabriarallye\/wp-json\/wp\/v2\/categories?post=7353"},{"taxonomy":"post_tag","embeddable":true,"href":"https:\/\/www.cantabriarallye.net\/newcantabriarallye\/wp-json\/wp\/v2\/tags?post=7353"}],"curies":[{"name":"wp","href":"https:\/\/api.w.org\/{rel}","templated":true}]}}