{"id":7360,"date":"2025-09-07T22:00:00","date_gmt":"2025-09-07T20:00:00","guid":{"rendered":"https:\/\/www.cantabriarallye.net\/newcantabriarallye\/?p=7360"},"modified":"2025-09-08T23:20:07","modified_gmt":"2025-09-08T21:20:07","slug":"pernia-y-cue-consiguen-el-rallye-alfoz-de-lloredo-cartes","status":"publish","type":"post","link":"https:\/\/www.cantabriarallye.net\/newcantabriarallye\/pernia-y-cue-consiguen-el-rallye-alfoz-de-lloredo-cartes\/","title":{"rendered":"Pernia y Cue, consiguen el Rallye Alfoz de Lloredo-Cartes"},"content":{"rendered":"<p>Shura Pernia y Dani Cue, consegu\u00edan la victoria en el Rallye Alfoz de Lloredo Cartes, prueba organizada por la escuder\u00eda Pe flash, para todos nosotros.<br \/>\nLa segunda posici\u00f3n era para Dani Sordo, con su espectacular Porsche, siendo Pablo Fern\u00e1ndez y \u00c1lvaro Guti\u00e9rrez, quienes ocupaban la tercera posici\u00f3n en la prueba.<br \/>\nFinalmente la clasificaci\u00f3n final, quedaba liderada por Shura Pernia y como el coche de Dani Sordo era un prototipo y no estaba homologado, la clasificacion \u00absubia\u00bb un pelda\u00f1o, siendo la segunda posicion para Pablo Fernandez y Alvaro Gutierrez y Gerardo Gonzalez y Juan Carral, que eran los cuartos clasificados en la prueba, conseguian el tercer cajon del podium final.<br \/>\nEn las diferentes copas y trofeos de Cantabria, destacar, la copa Braulio Ruiz era para Los Hermanos Dertiano, siendo Los cl\u00e1sicos de Velocidad para Santiago S\u00e1nchez y Virginia M\u00e9ndez. El trofeo Junior era para Aitor Llarena y David Berbil, siendo la copa Khumo para Mario Cano y Andrea Herrero.<br \/>\nLa propulsi\u00f3n era para Marcos Diego y Gabino Mart\u00ednez.<br \/>\nBonita prueba que comenz\u00f3 con varias neutralizaciones en los tramos de la ma\u00f1ana, por salidas de pista, pero que despu\u00e9s, la organizaci\u00f3n supo darle \u00abUN GIRO\u00bb y conseguir un rallye muy bueno y con mucho p\u00fablico.<\/p>\n<table border=\"0\" align=\"center\">\n<tbody>\n<tr>\n<td>\n<div align=\"center\"><img decoding=\"async\" src=\"https:\/\/www.cantabriarallye.net\/newcantabriarallye\/wp-content\/uploads\/2025\/pruebas2025\/alfoz\/portada.jpg\" \/><\/div>\n<\/td>\n<\/tr>\n<tr>\n<td>\n<div align=\"center\"><span style=\"font-family: Verdana, Arial, Helvetica, sans-serif;\">Shura Pernia, era el l\u00edder en Alfoz de Lloredo-Cartes.<br \/>\nFoto :CantabriaRallye.net<\/span><\/div>\n<\/td>\n<\/tr>\n<\/tbody>\n<\/table>\n<p><!--more--><\/p>\n<table class=\" alignright\" style=\"width: 500px;\" border=\"0\" align=\"right\">\n<tbody>\n<tr>\n<td>\n<div align=\"center\"><img decoding=\"async\" src=\"https:\/\/www.cantabriarallye.net\/newcantabriarallye\/wp-content\/uploads\/2025\/pruebas2025\/alfoz\/shura.jpg\" \/><\/div>\n<\/td>\n<\/tr>\n<tr>\n<td>\n<div align=\"center\"><span style=\"font-family: Verdana, Arial, Helvetica, sans-serif;\">Shura Pernia, era el l\u00edder en Alfoz de Lloredo-Cartes.<br \/>\nFoto :CantabriaRallye.net<\/span><\/div>\n<\/td>\n<\/tr>\n<tr>\n<td>\n<div align=\"center\"><img decoding=\"async\" src=\"https:\/\/www.cantabriarallye.net\/newcantabriarallye\/wp-content\/uploads\/2025\/pruebas2025\/alfoz\/sordo.jpg\" \/><\/div>\n<\/td>\n<\/tr>\n<tr>\n<td>\n<div align=\"center\"><span style=\"font-family: Verdana, Arial, Helvetica, sans-serif;\">Dani Sordo era el segundo clasificado en la carrera, pero NO<br \/>\npuntuaba en la prueba.<br \/>\nFoto :CantabriaRallye.net<\/span><\/div>\n<\/td>\n<\/tr>\n<tr>\n<td>\n<div align=\"center\"><img decoding=\"async\" src=\"https:\/\/www.cantabriarallye.net\/newcantabriarallye\/wp-content\/uploads\/2025\/pruebas2025\/alfoz\/pablo.jpg\" \/><\/div>\n<\/td>\n<\/tr>\n<tr>\n<td>\n<div align=\"center\"><span style=\"font-family: Verdana, Arial, Helvetica, sans-serif;\">La tercera posici\u00f3n en la prueba era para<br \/>\nPablo Fern\u00e1ndez y Alvaro Guti\u00e9rrez, pero en la clasificaci\u00f3n,<br \/>\neran los segundos clasificados.<br \/>\nFoto :CantabriaRallye.net<\/span><\/div>\n<\/td>\n<\/tr>\n<tr>\n<td>\n<div align=\"center\"><img decoding=\"async\" src=\"https:\/\/www.cantabriarallye.net\/newcantabriarallye\/wp-content\/uploads\/2025\/pruebas2025\/alfoz\/gerardo.jpg\" \/><\/div>\n<\/td>\n<\/tr>\n<tr>\n<td>\n<div align=\"center\"><span style=\"font-family: Verdana, Arial, Helvetica, sans-serif;\">Gerardo Gonz\u00e1lez, era el cuarto clasificado en la Carrera y el<br \/>\ntercer clasificado en la Clasificaci\u00f3n de La Prueba.<br \/>\nFoto :CantabriaRallye.net<\/span><\/div>\n<\/td>\n<\/tr>\n<\/tbody>\n<\/table>\n<p>Otra nueva edici\u00f3n del Rallye Alfoz de Lloredo-Cartes y mucho trabajo el realizado por toda la organizaci\u00f3n de la prueba, para poner la prueba en marcha, antes, durante y despu\u00e9s de la misma.<br \/>\nUna prueba con varios tramos neutralizados por las salidas de pista de los pilotos participantes, en donde una vez m\u00e1s, hemos visto funcionar a la direcci\u00f3n de carrera, para sacar la prueba adelante. En la primera secci\u00f3n de la prueba en los tramos de la ma\u00f1ana, ten\u00edamos dos neutralizaciones del tramos de Mes\u00f3n San Cipriano, en donde en la primera pasada realizaban el tramo los primeros 35 participantes, para en la segunda pasada por este mismo tramo, tan solo realizarla los 32 primeros participantes.<br \/>\nen la manga de por la tarde, una salida de pista de otro participante, \u00abpon\u00eda la sombra de una nueva neutralizaci\u00f3n\u00bb, aunque el gran trabajo de los comisarios y la direcci\u00f3n de carrera, llevaron a buen puerto el tramo.<br \/>\nPodemos decir que el rallye ha sido muy bueno, pero que en esta ocasi\u00f3n a la organizaci\u00f3n de la prueba La escuder\u00eda Pe Flash, les ha tocado \u00abbailar\u00bb con la m\u00e1s fea, con la cara amarga de los rallyes, que es el tener que neutralizar un tramo.<br \/>\nAun as\u00ed, decir que los horarios MUY c\u00f3modos que tenia la prueba y el trabajo de Direcci\u00f3n de carrera, \u00absalvaba\u00bb el rallye. es una verdadera pena, como estas trabajando durante todo el a\u00f1o, en TU prueba y la mala suerte, se \u00abCEBA CONTIGO\u00bb. Aun as\u00ed, el trabajo excelente, con Dani Sordo como piloto estrella, en donde hemos visto correr a todos.<br \/>\nSi a priori, ten\u00edamos varios \u00abgallos\u00bb para estar arriba, el devenir de la prueba y con el paso de los tramos, las \u00abcosas\u00bb quedaban entre Shura Pernia y Dani Sordo, siendo el abandono de Pe\u00f1a, un \u00abh\u00e1ndicap\u00bb a tener en cuenta. no tenemos que olvidarnos de Pablo Fern\u00e1ndez y \u00c1lvaro Guti\u00e9rrez, que \u00aben su prueba\u00bb quer\u00edan hacerlo bien y tambi\u00e9n estaban en el p\u00f3dium final.<br \/>\nComenzaba el primero de los tramos, el denominado Mes\u00f3n San Cipriano, en donde el mejor de los cronos era para Shura Pernia y Dani Cue. 6:52,69 era el crono del piloto de Ore\u00f1a, que comenzaba \u00abmuy fuerte\u00bb.<br \/>\nPor detr\u00e1s ten\u00edamos a Dani Pe\u00f1a, a NUEVE segundos del actual l\u00edder, siendo la tercera posici\u00f3n para Dani Sordo, con su Porsche 992 Rally GT. Sordo, se colocaba a DIECISIETE segundos del actual l\u00edder.<br \/>\nLa cuarta y la quinta posici\u00f3n era para Fernando Prada y Pablo Fern\u00e1ndez. Prada consegu\u00eda un crono de 7:21,81 y Fern\u00e1ndez, consegu\u00eda un crono de 7:22,31.<br \/>\nRecordar que este tamo, era el primero que se neutralizaba, cuando apenas hab\u00edan salido 35 veh\u00edculos, pero ya saben ustedes, \u00abas\u00ed son las carreras\u00bb.<br \/>\nPrimera pasada al tramo de Ruiloba en donde Dani Sordo \u00abaprieta\u00bb y consigue el mejor de los registros. Sordo consigue un crono de 4:47,25, con su espectacular Porsche.<br \/>\nPor detr\u00e1s y CON EL MISMO TIEMPO, ten\u00edamos a Dani Pe\u00f1a. el piloto patrocinado por BLENDIO, consegu\u00eda el MISMO tiempo que Sordo, tan solo diferenciado por unas cent\u00e9simas de segundo, siendo estas 340.<\/p>\n<p>Shura Pernia consegu\u00eda la tercera posici\u00f3n a SIETE segundos del l\u00edder, siendo Ivor Landeras, con su Skoda Fabia R5, quien consegu\u00eda la cuarta posici\u00f3n y Gerardo Gonz\u00e1lez, la quinta posici\u00f3n. Landeras consegu\u00eda un crono de 5:00,23 y Gonz\u00e1lez, un crono de 5:05,42.<br \/>\nSegunda pasada al tramo de Mes\u00f3n San Cipriano, en donde tambi\u00e9n esta pasada se NEUTRALIZA, al pasar una \u00abtreintena \u00bb de coches.<br \/>\nAun as\u00ed en este tramo, el mejor crono era para Shura Pernia y Dani Cue, que paraban el crono en 6:45,26. a SEGUNDO Y MEDIO, ten\u00edamos a Dani Sordo, que se colocaba en la segunda posici\u00f3n, siendo la tercera posici\u00f3n para Dani Pe\u00f1a y Ra\u00fal P\u00e9rez, un poco mas distanciados, concretamente a VEINTE segundos.<br \/>\nLa cuarta y la quinta posici\u00f3n era para Landeras y Pablo Fern\u00e1ndez, con unos cronos de 7:10.09 y 7:12,88.<br \/>\nTan solo quedaba una especial, para terminar los tramos de la ma\u00f1ana, siendo esta, el tramo de Ruiloba. en esta especial, el mejor de los cronos era para Pernia y Cue, que consegu\u00edan el liderato. 4:38,84 era el crono del equipo.<br \/>\nA SEGUNDO Y MEDIO, ten\u00edamos a Dani Sordo, con su espectacular Porsche, ocupando la segunda posicion, siendo la tercera posicion para Dani Pe\u00f1a a CUATRO SEGUNDOS Y MEDIO, del actual lider.<br \/>\nLa cuarta y la quinta posicion era para Ivor Landeras y Gerardo Gonz\u00e1lez, con unos cronos de 4:56,09 y 4:59,71, respectivamente. Bonitas carreras que estamos presenciado y todav\u00eda quedaba la tarde, en donde \u00abel tema\u00bb cambiaba, radicalmente.<br \/>\nA estas alturas de la prueba ten\u00edamos a Shura Pernia y Dani Cue, lideres, de la prueba, estando Dani Sordo en la segunda posici\u00f3n y Dani Pe\u00f1a en la tercera. Quedaban los tramos de la tarde que \u00abpasaron factura\u00bb a los pilotos.<br \/>\n<!--nextpage--><\/p>\n<table class=\" alignleft\" style=\"width: 500px;\" border=\"0\" align=\"right\">\n<tbody>\n<tr>\n<td>\n<div align=\"center\"><img decoding=\"async\" src=\"https:\/\/www.cantabriarallye.net\/newcantabriarallye\/wp-content\/uploads\/2025\/pruebas2025\/alfoz\/marcos.jpg\" \/><\/div>\n<\/td>\n<\/tr>\n<tr>\n<td>\n<div align=\"center\"><span style=\"font-family: Verdana, Arial, Helvetica, sans-serif;\">Marcos Diego y Gabino Mart\u00ednez, consegu\u00edan la Propulsi\u00f3n.<br \/>\nFoto :CantabriaRallye.net<\/span><\/div>\n<\/td>\n<\/tr>\n<tr>\n<td>\n<div align=\"center\"><img decoding=\"async\" src=\"https:\/\/www.cantabriarallye.net\/newcantabriarallye\/wp-content\/uploads\/2025\/pruebas2025\/alfoz\/dertiano.jpg\" \/><\/div>\n<\/td>\n<\/tr>\n<tr>\n<td>\n<div align=\"center\"><span style=\"font-family: Verdana, Arial, Helvetica, sans-serif;\">Los hermanos Dertinao, eran los l\u00edderes de la copa Braulio<br \/>\nRuiz<br \/>\nFoto :CantabriaRallye.net<\/span><\/div>\n<\/td>\n<\/tr>\n<tr>\n<td>\n<div align=\"center\"><img decoding=\"async\" src=\"https:\/\/www.cantabriarallye.net\/newcantabriarallye\/wp-content\/uploads\/2025\/pruebas2025\/alfoz\/llarena.jpg\" \/><\/div>\n<\/td>\n<\/tr>\n<tr>\n<td>\n<div align=\"center\"><span style=\"font-family: Verdana, Arial, Helvetica, sans-serif;\">El trofeo Junior era para Llarena y Berbil.<br \/>\nFoto :CantabriaRallye.net<\/span><\/div>\n<\/td>\n<\/tr>\n<tr>\n<td>\n<div align=\"center\"><img decoding=\"async\" src=\"https:\/\/www.cantabriarallye.net\/newcantabriarallye\/wp-content\/uploads\/2025\/pruebas2025\/alfoz\/mario.jpg\" \/><\/div>\n<\/td>\n<\/tr>\n<tr>\n<td>\n<div align=\"center\"><span style=\"font-family: Verdana, Arial, Helvetica, sans-serif;\">La copa Khumo, era para Mario Cano y Andrea Herrero<br \/>\nFoto :CantabriaRallye.net<\/span><\/div>\n<\/td>\n<\/tr>\n<\/tbody>\n<\/table>\n<p>Comenzaban los tramos de la tarde. Despu\u00e9s de un reagrupamiento en El \u00c1nsar, para luego un Parque de asistencia en el circuito La roca, comenzaban los tramos de La tarde, disput\u00e1ndose el t\u00edpico tramo de Rudag\u00fcera (donde comenzaba todo&#8230;) y el tramo de Cartes.<br \/>\nShura estaba L\u00edder de la prueba, pero quedaban unos tramos muy importantes y donde si se jugaban bien \u00ablas cartas\u00bb pod\u00edas conseguir el liderato de la prueba. Adem\u00e1s tambi\u00e9n , la dureza de los tramos pasaban factura y algunos pilotos TOP, ten\u00edan que abandonar.<\/p>\n<p>comenzaba el tramo de Rudag\u00fcera, en donde Dani sordo, consegu\u00eda el mejor de los tiempos. el piloto del Porsche 992 Rally GT, consegu\u00eda un crono de 6:55,36, siendo la segunda posici\u00f3n para Shura Pernia a SEGUNDO Y MEDIO.<br \/>\nLa tercera posici\u00f3n en esta especial era para Dani Pe\u00f1a a ONCE segados y medio, del actual l\u00edder, siendo la cuarta y la quinta posici\u00f3n para Pablo Fern\u00e1ndez y Gerardo Gonz\u00e1lez.<br \/>\nPablo paraba el crono en 7:16,78, siendo el crono de Gerardo de 7:28,43.<br \/>\nBonita lucha que estaban realizando estos pilotos, por estar entre los cinco mejores cronos de la prueba.<br \/>\nLlegaba el tramo de Cartes y en donde en esta ocasi\u00f3n Shura Pernia tambi\u00e9n consegu\u00eda el mejor de los tiempos, parando el crono en 6:27,59.<br \/>\nDani sordo consegu\u00eda la segunda posici\u00f3n a SEIS segundos del actual l\u00edder, con su espectacular Porsche.<br \/>\nLa tercera posici\u00f3n era para Pablo Fern\u00e1ndez y \u00c1lvaro Guti\u00e9rrez, que corr\u00edan mucho y consegu\u00edan en esta especial, esta magnifica posici\u00f3n, coloc\u00e1ndose a VEINTE segundos del actual l\u00edder.<br \/>\nGerardo Gonz\u00e1lez y Carlos Moreno, eran quienes consegu\u00edan la cuarta y la quinta posici\u00f3n en este tramo, con unos cronos de 6:52,43 y 7:09,23. en esta especial, por una salida de pista de un piloto, volv\u00eda el tramo se paraba, \u00absobrevolando\u00bb una vez m\u00e1s, entre los aficionados otra neutralizaci\u00f3n. El gran trabajo de los comisarios de ruta y la direcci\u00f3n de carrera, convert\u00edan esa salida de pista en una an\u00e9cdota.<br \/>\nSegunda pasada al tramo de Rudag\u00fcera y en donde Dani Sordo, lo intentaba todo. El piloto de Puente San Miguel, consegu\u00eda el Scratch, en este tramo, consiguiendo un crono de 6:49,69, siendo la segunda posici\u00f3n en esta ocasi\u00f3n para Shura Pernia y Dani Cue a SEIS segundos. Tenemos que decir, que aun as\u00ed, Pernia ten\u00eda un AMPLIO colch\u00f3n de segundos para \u00abaguantar\u00bb.<br \/>\nLa tercera posici\u00f3n era para Pablo Fern\u00e1ndez con un crono de 7:13,00 y la cuarta posici\u00f3n era para Gerardo Gonzalez, que en este tramo \u00abapretaba\u00bb much\u00edsimo y se quedaba a solo UN segundo de pablo. Tenemos que decir que me gusto mucho la conducci\u00f3n de Gerardo, en las dos especiales, por este tramo, pues lo estaba intentando todo, realizando un rallye espectacular.<br \/>\nCarlos Moreno y Diego Fuentes, eran los quintos clasificados en el tramo, con un crono de 7:22,33.<br \/>\nUltima pasada al tramo de Cartes y en esta ocasi\u00f3n Shura Pernia, volv\u00eda a conseguir el mejor de los cronos. 6:17,92 era el crono de Pernia, siendo la segunda posici\u00f3n para Dani Sordo a TRES segundos del actual l\u00edder.<br \/>\nValla una lucha que est\u00e1bamos teniendo en los tramos de alfoz de Lloredo, Cartes.<br \/>\nA VEINTITRES segundos y ocupando la tercera posici\u00f3n volv\u00edamos a tener a Gerardo Gonzalez, \u00abtotalmente desmelenada\u00bb y con una conducci\u00f3n, que \u00abenamoraba\u00bb desde la cuneta.<br \/>\nPablo Fern\u00e1ndez y Carlos Moreno, ocupaban la cuarta y la quinta posici\u00f3n respectivamente, con unos cronos de 6:56,77 y 7:01,23, respectivamente.<br \/>\nLlega la Power Stage, transportes Ram\u00f3n S\u00e1ez, disput\u00e1ndose el tramo de Rudag\u00fcera. En esta ocasi\u00f3n, sordo \u00ablo daba todo\u00bb pero no era SUFICIENTE. 6:47,17 era el crono de Dani sordo.<br \/>\npor detr\u00e1s Shura Pernia, se colocaba a OCHO segundos del actual l\u00edder del tramo y como pod\u00eda decir los pescadores \u00absoltando lastre\u00bb, pues todav\u00eda le quedaban segundos de \u00abcolch\u00f3n\u00bb y aunque Sordo lo intentaba, ser\u00e1 muy raro, que se \u00abfulminara\u00bb toda la ventaja del piloto de Ore\u00f1a.<br \/>\nLa tercera posici\u00f3n era para Gerardo Gonz\u00e1lez a VEINTISIETE segundos del actual l\u00edder, siendo Carlos Moreno y Pablo Fern\u00e1ndez, quienes consegu\u00edan la cuarta y la quinta posici\u00f3n.<\/p>\n<p>Finalmente con los cronos en la Mano, la victoria era para Shura Pernia y Dani Cue, siendo la segunda posici\u00f3n para Dani Sordo y Juli\u00e1n Ruiz. Pablo Fern\u00e1ndez y \u00c1lvaro Guti\u00e9rrez, eran quienes consegu\u00edan la tercera posici\u00f3n.<br \/>\nTenemos que decir, que como Dani Sordo, estaba encuadrado en los prototipos, con su Porsche, NO PODIA SUBIR AL PODIUM, aun ganando la segunda posici\u00f3n y la tabla quedaba , con Shura Pernia L\u00edder, siendo Pablo Fern\u00e1ndez, el segundo clasificado y Gerardo Gonz\u00e1lez, el tercer clasificado.<br \/>\nEn las diferentes copas y trofeos de Cantabria, destacar:<br \/>\nla copa Braulio Ruiz era para Los Hermanos Dertiano, siendo la segunda posici\u00f3n para Rub\u00e9n Pardo y Noelia Saiz y la tercera posici\u00f3n para Sergio Madrazo y Leticia Ruiz.<br \/>\nLos cl\u00e1sicos de Velocidad eran para Santiago S\u00e1nchez y Virginia M\u00e9ndez, siendo la segunda posici\u00f3n para Daniel Sordo y Quinito P\u00e9rez.<br \/>\nEl trofeo Junior era para Aitor Llarena y David Berbil.<br \/>\nLa copa Khumo era para Mario Cano y Andrea Herrero, siendo la segunda posici\u00f3n para Adrian Fern\u00e1ndez y Alberto Tejeria. La tercera posici\u00f3n era para Alberto G\u00f3mez y Oscar del Ojo.<br \/>\nLa propulsi\u00f3n era para Marcos Diego y Gabino Mart\u00ednez, siendo la segunda posici\u00f3n para \u00c1ngel Rivero y Roberto Gonz\u00e1lez. La tercera posici\u00f3n era para Igor Uriarte y Jos\u00e9 Miguel Vega.<br \/>\nAs\u00ed terminaba una nueva edici\u00f3n del Rallye Alfoz de Lloredo Cartes. Una prueba que comenzaba \u00abcruzada\u00bb con algunas neutralizaciones en los tramos de la ma\u00f1ana, pero que despu\u00e9s, terminaba en un rallye, espectacular.<br \/>\nel trabajo bien hecho, se ve y se palpa y si en los primeros tramos, \u00ablas cosas sal\u00edan as\u00ed\u00bb, el gran trabajo de toda la organizaci\u00f3n, desembocaba en una gran prueba. El a\u00f1o que viene, si Dios, quiere MAS, Alfoz de Lloredo-Cartes y aqu\u00ed estaremos tambi\u00e9n si Dios quiere, para contarlo.<\/p>\n<table border=\"0\" align=\"center\">\n<tbody>\n<tr>\n<td>\n<div align=\"center\"><b><span style=\"font-size: xx-large;\">LA FOTOS<\/span><\/b><\/div>\n<\/td>\n<\/tr>\n<tr>\n<td>\n<div align=\"center\"><img decoding=\"async\" src=\"https:\/\/www.cantabriarallye.net\/newcantabriarallye\/wp-content\/uploads\/2025\/pruebas2025\/alfoz\/lafoto.jpg\" \/><\/div>\n<\/td>\n<\/tr>\n<tr>\n<td>\n<div align=\"center\"><span style=\"font-family: Verdana, Arial, Helvetica, sans-serif;\">En el reagrupamiento de El Ansar, nos encontramos a este comisario de Ruta, con su \u00abequipo de Megafonia\u00bb, con exponenciales<br \/>\ny la radio de la prueba, para mantenernos a todos informados.<br \/>\nESPECTACULAR, Dos exponenciales, con su soporte en el techo del coche.<br \/>\nFoto :CantabriaRallye.net<\/span><\/div>\n<\/td>\n<\/tr>\n<tr>\n<td>\n<div align=\"center\"><img decoding=\"async\" src=\"https:\/\/www.cantabriarallye.net\/newcantabriarallye\/wp-content\/uploads\/2025\/pruebas2025\/alfoz\/lafotodos.jpg\" \/><\/div>\n<\/td>\n<\/tr>\n<tr>\n<td>\n<div align=\"center\"><span style=\"font-family: Verdana, Arial, Helvetica, sans-serif;\">La segunda de las fotos es para \u00abLa juventud\u00bb del Rallye. Estos\u00a0 aficionados y pilotos veteranos, siempre est\u00e1n acompa\u00f1andonos,<br \/>\ndando \u00abcolorido\u00bb a las pruebas, ademas de ser verdaderas \u00abenciclopedias\u00bb de los rallyes.<br \/>\nFoto :CantabriaRallye.net<\/span><\/div>\n<\/td>\n<\/tr>\n<\/tbody>\n<\/table>\n<!-- AddThis Advanced Settings generic via filter on the_content --><!-- AddThis Share Buttons generic via filter on the_content -->","protected":false},"excerpt":{"rendered":"<p>Shura Pernia y Dani Cue, consegu\u00edan la victoria en el Rallye Alfoz de Lloredo Cartes, prueba organizada por la escuder\u00eda Pe flash, para todos nosotros. La segunda posici\u00f3n era para Dani Sordo, con su espectacular Porsche, siendo Pablo Fern\u00e1ndez y \u00c1lvaro Guti\u00e9rrez, quienes ocupaban la tercera posici\u00f3n en la prueba. Finalmente la clasificaci\u00f3n final, quedaba [&hellip;]<!-- AddThis Advanced Settings generic via filter on wp_trim_excerpt --><!-- AddThis Share Buttons generic via filter on wp_trim_excerpt --><\/p>\n","protected":false},"author":2,"featured_media":7361,"comment_status":"closed","ping_status":"closed","sticky":false,"template":"","format":"standard","meta":{"_exactmetrics_skip_tracking":false,"_exactmetrics_sitenote_active":false,"_exactmetrics_sitenote_note":"","_exactmetrics_sitenote_category":0,"footnotes":""},"categories":[18],"tags":[],"class_list":["post-7360","post","type-post","status-publish","format-standard","has-post-thumbnail","hentry","category-c31-rallyes"],"_links":{"self":[{"href":"https:\/\/www.cantabriarallye.net\/newcantabriarallye\/wp-json\/wp\/v2\/posts\/7360","targetHints":{"allow":["GET"]}}],"collection":[{"href":"https:\/\/www.cantabriarallye.net\/newcantabriarallye\/wp-json\/wp\/v2\/posts"}],"about":[{"href":"https:\/\/www.cantabriarallye.net\/newcantabriarallye\/wp-json\/wp\/v2\/types\/post"}],"author":[{"embeddable":true,"href":"https:\/\/www.cantabriarallye.net\/newcantabriarallye\/wp-json\/wp\/v2\/users\/2"}],"replies":[{"embeddable":true,"href":"https:\/\/www.cantabriarallye.net\/newcantabriarallye\/wp-json\/wp\/v2\/comments?post=7360"}],"version-history":[{"count":1,"href":"https:\/\/www.cantabriarallye.net\/newcantabriarallye\/wp-json\/wp\/v2\/posts\/7360\/revisions"}],"predecessor-version":[{"id":7362,"href":"https:\/\/www.cantabriarallye.net\/newcantabriarallye\/wp-json\/wp\/v2\/posts\/7360\/revisions\/7362"}],"wp:featuredmedia":[{"embeddable":true,"href":"https:\/\/www.cantabriarallye.net\/newcantabriarallye\/wp-json\/wp\/v2\/media\/7361"}],"wp:attachment":[{"href":"https:\/\/www.cantabriarallye.net\/newcantabriarallye\/wp-json\/wp\/v2\/media?parent=7360"}],"wp:term":[{"taxonomy":"category","embeddable":true,"href":"https:\/\/www.cantabriarallye.net\/newcantabriarallye\/wp-json\/wp\/v2\/categories?post=7360"},{"taxonomy":"post_tag","embeddable":true,"href":"https:\/\/www.cantabriarallye.net\/newcantabriarallye\/wp-json\/wp\/v2\/tags?post=7360"}],"curies":[{"name":"wp","href":"https:\/\/api.w.org\/{rel}","templated":true}]}}