{"id":7368,"date":"2025-09-14T19:45:56","date_gmt":"2025-09-14T17:45:56","guid":{"rendered":"https:\/\/www.cantabriarallye.net\/newcantabriarallye\/?p=7368"},"modified":"2025-09-14T19:45:57","modified_gmt":"2025-09-14T17:45:57","slug":"asenjo-lider-en-secadura","status":"publish","type":"post","link":"https:\/\/www.cantabriarallye.net\/newcantabriarallye\/asenjo-lider-en-secadura\/","title":{"rendered":"Asenjo, l\u00edder en Secadura"},"content":{"rendered":"<p>Mario Asenjo pilotando su Nova NP03, consegu\u00eda la victoria en la subida a Secadura, ante\u00faltima cita de la temporada de Monta\u00f1a en Cantabria. La segunda posici\u00f3n era para Pablo Rey , siendo Adrian Artidiello el tercer clasificado.<br \/>\nEn las diferentes copas y trofeos de Cantabria, destacar, dentro de los Car Cross de Monta\u00f1a, Javi Soto era el l\u00edder, siendo los cl\u00e1sicos de velocidad, para Pedro Rodr\u00edguez con su Ford Escort MK2.<br \/>\nLa copa Carrozados era para Iv\u00e1n Fern\u00e1ndez, consiguiendo tambi\u00e9n La Junior y la Propulsi\u00f3n, siendo la copa CM Promo, para Adrian Artidiello.<br \/>\nUna gran inscripci\u00f3n, en esta Subida a Secadura, organizada por la Junta Racing.<\/p>\n<table border=\"0\" align=\"center\">\n<tbody>\n<tr>\n<td>\n<div align=\"center\"><img decoding=\"async\" src=\"https:\/\/www.cantabriarallye.net\/newcantabriarallye\/wp-content\/uploads\/2025\/pruebas2025\/secadura\/portada.jpg\" \/><\/div>\n<\/td>\n<\/tr>\n<tr>\n<td>\n<div align=\"center\"><span style=\"font-family: Verdana, Arial, Helvetica, sans-serif;\">Mario Asenjo, consegu\u00eda la victoria en Secadura.<br \/>\nFoto : CantabriaRallye.net<\/span><\/div>\n<\/td>\n<\/tr>\n<\/tbody>\n<\/table>\n<p><!--more--><\/p>\n<table class=\" alignright\" style=\"width: 500px;\" border=\"0\" align=\"right\">\n<tbody>\n<tr>\n<td>\n<div align=\"center\"><img decoding=\"async\" src=\"https:\/\/www.cantabriarallye.net\/newcantabriarallye\/wp-content\/uploads\/2025\/pruebas2025\/secadura\/mario.jpg\" \/><\/div>\n<\/td>\n<\/tr>\n<tr>\n<td>\n<div align=\"center\"><span style=\"font-family: Verdana, Arial, Helvetica, sans-serif;\">Mario Asenjo, consegu\u00eda la victoria en Secadura.<br \/>\nFoto : CantabriaRallye.net<\/span><\/div>\n<\/td>\n<\/tr>\n<tr>\n<td>\n<div align=\"center\"><img decoding=\"async\" src=\"https:\/\/www.cantabriarallye.net\/newcantabriarallye\/wp-content\/uploads\/2025\/pruebas2025\/secadura\/pablo.jpg\" \/><\/div>\n<\/td>\n<\/tr>\n<tr>\n<td>\n<div align=\"center\"><span style=\"font-family: Verdana, Arial, Helvetica, sans-serif;\">Pablo Rey era el segundo<br \/>\nclasificado<br \/>\nFoto : CantabriaRallye.net<\/span><\/div>\n<\/td>\n<\/tr>\n<tr>\n<td>\n<div align=\"center\"><img decoding=\"async\" src=\"https:\/\/www.cantabriarallye.net\/newcantabriarallye\/wp-content\/uploads\/2025\/pruebas2025\/secadura\/adrian.jpg\" \/><\/div>\n<\/td>\n<\/tr>\n<tr>\n<td>\n<div align=\"center\"><span style=\"font-family: Verdana, Arial, Helvetica, sans-serif;\">La tercera posici\u00f3n era para Adri\u00e1n Artidiello,<br \/>\nademas del trofeo CM Promo.<br \/>\nFoto : CantabriaRallye.net<\/span><\/div>\n<\/td>\n<\/tr>\n<\/tbody>\n<\/table>\n<p>Otra nueva edici\u00f3n de la subida a Secadura, organizada por la Junta Racing y otro nuevo \u00e9xito.<br \/>\nUna bonita subida, con una gran organizaci\u00f3n, un trazado perfecto y una gran inscripci\u00f3n.<br \/>\n\u00bfQue m\u00e1s se puede pedir?.<br \/>\nHa quedado demostrado que la gente de La Junta Racing, ha puesto de nuevo esta prueba \u00aben el candelero\u00bb y en tan solo TRES temporadas, la prueba ha subido como la \u00abespuma\u00bb.<br \/>\nClaro, todo esto se consigue tan solo CON TRABAJO, MUCHO TRABAJO, por parte de sus organizadores, para tener un prueba TOP.<\/p>\n<p>Ya nos lo hab\u00edan demostrado en la pasada edici\u00f3n y en la anterior, pero el \u00abnombre\u00bb que tiene esta Subida a Secadura tambi\u00e9n ayuda y esto sus organizadores han sabido aprovecharlo.<br \/>\nAun as\u00ed, todo volvemos a repetir que se consigue con TRABAJO, pues nadie regala nada.<br \/>\nLa m\u00e1xima de la organizaci\u00f3n de \u00abLa Junta Racing\u00bb es el poder tener una bonita subida de monta\u00f1a, as\u00ed como ayudarnos entre todos, para poder tener un campeonato de Monta\u00f1a, como el que tenemos, que dicho sea \u00abde paso\u00bb, es muy bueno.<\/p>\n<p>Despu\u00e9s de una semana con unos d\u00edas con lluvia, nos tem\u00edamos lo peor, para este fin de semana, pera la ante\u00faltima cita de la temporada, NO defraudaba.<br \/>\nLa prueba consegu\u00eda una inscripci\u00f3n de 94 inscritos, siendo 74 de velocidad y el resto \u00abLegent\u00bb.<br \/>\nEl espect\u00e1culo, estaba preparado, en las rampas de Secadura.<br \/>\nUna gran direcci\u00f3n de Carrera, con los coches a medio Minuto \u00abque no te dejaban respirar\u00bb y algunas salidas de pista, que aunque retrasaban la prueba, siempre dentro del horario establecido.<br \/>\nDespu\u00e9s de la manga de entrenos, comenzaban las tres mangas oficiales, en donde Mario Asenjo, no daba opci\u00f3n a sus contrincantes. el piloto de Neum\u00e1ticos Hoznayo, \u00abya sonr\u00ede\u00bb, pues su Nova NP03, parece que ya rueda bien, pues en pruebas anteriores, el coche no funcionaba. El de Neum\u00e1ticos Hoznayo, ha estado rodando fort\u00edsimo, en todas las ascensiones, luchando con su enemigo en La Pista, Miguel Guti\u00e9rrez, que le hab\u00eda tomado la delantera y estaba DELANTE, hasta esta prueba en el campeonato regional. La \u00faltima cita de Guriezo ser\u00e1 determinante, para saber quien ser\u00e1 el pr\u00f3ximo campe\u00f3n de Cantabria de Monta\u00f1a 2025, que sin duda es de los mejores campeonatos en mucho tiempo atr\u00e1s, casi como 25 a\u00f1os, que llevamos realizando esta labor de informar, puntualmente desde nuestra web.<br \/>\nNunca hab\u00edamos visto un campeonato ASI.<br \/>\nComenzaba la primera Ascensi\u00f3n, en donde Asenjo, consegu\u00eda el mejor de los registros. El piloto de Neum\u00e1ticos Hoznayo, consegu\u00eda un crono de 2:01,60, siendo la segunda posici\u00f3n, para Adrian Artidiello, a CINCO segundos con su Silver Car S2. El campe\u00f3n Asturiano de monta\u00f1a 2024, ven\u00eda a Secadura, con la firme intenci\u00f3n, de \u00abhacerlo muy bien\u00bb y desde la primera ascensi\u00f3n, \u00abya estaba avisando\u00bb.<br \/>\nLa tercera posici\u00f3n en esta ascensi\u00f3n era para Jairo Pesquera, que con su Norma M20F, tambi\u00e9n rodaba muy r\u00e1pido, y consegu\u00eda parar el crono, en 2:08,18, siendo Pablo V\u00e1zquez, quien con su Osella JRB, quien consegu\u00eda la cuarta posici\u00f3n, con EL MISMO CRONO que Jairo Pesquera, tan solo diferenciado en 456 cent\u00e9simas de segundo.<br \/>\nSegundo, tercero y Cuarto clasificados, eran asturianos. \u00abPuxa Asturies\u00bb.<br \/>\nLa quinta posici\u00f3n era para el piloto c\u00e1ntabro, Miguel Guti\u00e9rrez, con su Osella Pa21, con un crono de 2:09,15, acusando problemas mec\u00e1nicos.<\/p>\n<p><!--nextpage--><\/p>\n<table class=\" alignleft\" style=\"width: 500px;\" border=\"0\" align=\"right\">\n<tbody>\n<tr>\n<td>\n<div align=\"center\"><img decoding=\"async\" src=\"https:\/\/www.cantabriarallye.net\/newcantabriarallye\/wp-content\/uploads\/2025\/pruebas2025\/secadura\/soto.jpg\" \/><\/div>\n<\/td>\n<\/tr>\n<tr>\n<td>\n<div align=\"center\"><span style=\"font-family: Verdana, Arial, Helvetica, sans-serif;\">Javi Soto, era el l\u00edder entre los Car-Cross.<br \/>\nFoto : CantabriaRallye.net<\/span><\/div>\n<\/td>\n<\/tr>\n<tr>\n<td>\n<div align=\"center\"><img decoding=\"async\" src=\"https:\/\/www.cantabriarallye.net\/newcantabriarallye\/wp-content\/uploads\/2025\/pruebas2025\/secadura\/pedro.jpg\" \/><\/div>\n<\/td>\n<\/tr>\n<tr>\n<td>\n<div align=\"center\"><span style=\"font-family: Verdana, Arial, Helvetica, sans-serif;\">Pedro Rodr\u00edguez, consegu\u00eda los Cl\u00e1sicos de<br \/>\nVelocidad.<br \/>\nFoto : CantabriaRallye.net<\/span><\/div>\n<\/td>\n<\/tr>\n<tr>\n<td>\n<div align=\"center\"><img decoding=\"async\" src=\"https:\/\/www.cantabriarallye.net\/newcantabriarallye\/wp-content\/uploads\/2025\/pruebas2025\/secadura\/ivan.jpg\" \/><\/div>\n<\/td>\n<\/tr>\n<tr>\n<td>\n<div align=\"center\"><span style=\"font-family: Verdana, Arial, Helvetica, sans-serif;\">Iv\u00e1n Fern\u00e1ndez, consegu\u00eda \u00abtodo\u00bb. Los carrozados,<br \/>\nel trofeo Junior y la Propulsi\u00f3n.<br \/>\nFoto : CantabriaRallye.net<\/span><\/div>\n<\/td>\n<\/tr>\n<\/tbody>\n<\/table>\n<p>La prueba no hac\u00eda m\u00e1s que empezar y todos los pilotos \u00abense\u00f1aban sus dientes\u00bb, realizando unos cronos espectaculares y la victoria ten\u00eda pinta que ser\u00eda muy competida.<br \/>\nComenzaba la segunda manga oficial. Despu\u00e9s del retorno de los pilotos, a la salida en cuyo descenso, eran aplaudidos, por los aficionados, que acud\u00edan a la prueba, comenzaban la siguiente especial, no sin antes, retirar alg\u00fan que otro veh\u00edculo, que hab\u00eda tenido alg\u00fan percance. Gran trabajo de los Comisarios y \u00abalg\u00fan\u00bb RADIO, que ten\u00eda que trabajar m\u00e1s de lo deseado, pero todo sea por nuestro deporte.<br \/>\nYa segunda Ascensi\u00f3n ya estaba en marcha, en donde Asenjo, volv\u00eda a ser el l\u00edder. 2:01,46, era el crono del piloto patrocinado por Neum\u00e1ticos Hoznayo. Tan solo unas cent\u00e9simas, que mejoraba el joven piloto, realizando un crono inaccesible a los dem\u00e1s.<br \/>\nLa segunda posici\u00f3n en esta manga era para Pablo Rey con su Norma M20F. El piloto Gallego, ven\u00eda a Secadura, para conseguir un buen resultado y con este crono, lo estaba consiguiendo, quedando \u00abpara la posteridad\u00bb, se puede decir.<br \/>\nel tercer clasificado, en esta ascensi\u00f3n era Adrian Artidiello, que ya nos sorprend\u00eda en la primera manga oficial, con un crono de 2:06,74, siendo la cuarta y la quinta posici\u00f3n para Jairo Pesquera y Javi Polanco.<br \/>\nPesquera, hacia \u00ablo propio\u00bb con su Norma M20F y Polanco, \u00abtres cuartos de lo mismo\u00bb. Bonita lucha que estaban teniendo, por los puestos de cabeza y si bien, la primera de las posiciones estaba bien definida, por Mario Asenjo, que estaba dominando a \u00abplacer\u00bb, las siguientes posiciones eran \u00absin vivir\u00bb para los aficionados, que animaban desde la cuneta a sus pilotos.<br \/>\npesquera consegu\u00eda un crono de 2:07.15 y Polanco un crono de 2:07,35.<br \/>\nEl mismo crono, diferenciado por unas cent\u00e9simas de segundo, entre el piloto asturiano y el piloto C\u00e1ntabro.<br \/>\nLlega la \u00faltima ascensi\u00f3n. Podemos decir que \u00abm\u00e1s de lo mismo\u00bb pues, nuevamente Asenjo estaba INTRATABLE y no dejaba \u00abt\u00edtere con cabeza\u00bb en esta Subida a Secadura. El piloto de Neum\u00e1ticos Hoznayo, volv\u00eda a conseguir el liderato de la ascensi\u00f3n. 2:00,91 era el crono del joven piloto.<br \/>\nPor detr\u00e1s, ten\u00edamos a Adrian Artidiello, el piloto asturiano, campe\u00f3n de Monta\u00f1a 2024, tambi\u00e9n consegu\u00eda un excelente crono y consegu\u00eda la segunda posici\u00f3n en esta ascensi\u00f3n a TRES segundos del actual l\u00edder, de la prueba, siendo la tercera posici\u00f3n, para Pablo Rey con su Noma M20F. El piloto gallego, consciente de el crono de la anterior ascensi\u00f3n, en esta consegu\u00eda EL MISMO CRONO que Artidiello, tan solo diferenciado por 254 cent\u00e9simas de segundo, aunque el crono anterior, era lo que le clasificaba en la prueba de Secadura.<br \/>\nLa cuarta y la quinta posici\u00f3n era para Jairo Pesquera y Javi Polanco. Pesquera consegu\u00eda un crono de 2:07,40 y Polanco un crono de 2:08,82.<br \/>\nFinalmente con los cronos en la mano y prevaleciendo el mejor crono de las tres mangas oficiales, la victoria era para Mario Asenjo, siendo Pablo Rey el segundo clasificado y Adrian Artidiello, el tercer clasificado.<br \/>\nEn las diferentes copas y trofeos de Cantabria, destacar:<br \/>\nDentro de los Car Cross de Monta\u00f1a, Javi Soto era el l\u00edder, siendo la segunda posici\u00f3n para Mikel Prieto. el tercer clasificado era Jacobo Espa\u00f1a.<br \/>\nLos cl\u00e1sicos de velocidad, era para Pedro Rodr\u00edguez con su Ford Escort MK2.<br \/>\nLa copa Carrozados era para Iv\u00e1n Fern\u00e1ndez, siendo la segunda posici\u00f3n para Jaime San Emeterio y Xavier Lujua.<br \/>\nLa copa CM Promo, era para Adrian Artidiello, siendo la segunda posici\u00f3n para Rub\u00e9n Echevarr\u00eda. Mario San Rom\u00e1n, era el tercer clasificado.<br \/>\nEl trofeo Junior era para Iv\u00e1n Fern\u00e1ndez, siendo la segunda posici\u00f3n para Iv\u00e1n Arnaiz. el tercer clasificado era Eugenio G\u00f3mez.<\/p>\n<p>La propulsi\u00f3n era para Iv\u00e1n Fern\u00e1ndez, siendo la segunda posici\u00f3n para Xavier Lujua. el tercer clasificado, era Ricardo G\u00f3mez.<br \/>\nAs\u00ed terminaba una nueva edici\u00f3n de la subida a Secadura, magnifica prueba, organizada por La Junta Racing.<\/p>\n<!-- AddThis Advanced Settings generic via filter on the_content --><!-- AddThis Share Buttons generic via filter on the_content -->","protected":false},"excerpt":{"rendered":"<p>Mario Asenjo pilotando su Nova NP03, consegu\u00eda la victoria en la subida a Secadura, ante\u00faltima cita de la temporada de Monta\u00f1a en Cantabria. La segunda posici\u00f3n era para Pablo Rey , siendo Adrian Artidiello el tercer clasificado. En las diferentes copas y trofeos de Cantabria, destacar, dentro de los Car Cross de Monta\u00f1a, Javi Soto [&hellip;]<!-- AddThis Advanced Settings generic via filter on wp_trim_excerpt --><!-- AddThis Share Buttons generic via filter on wp_trim_excerpt --><\/p>\n","protected":false},"author":2,"featured_media":7369,"comment_status":"closed","ping_status":"closed","sticky":false,"template":"","format":"standard","meta":{"_exactmetrics_skip_tracking":false,"_exactmetrics_sitenote_active":false,"_exactmetrics_sitenote_note":"","_exactmetrics_sitenote_category":0,"footnotes":""},"categories":[11],"tags":[],"class_list":["post-7368","post","type-post","status-publish","format-standard","has-post-thumbnail","hentry","category-c1-montana"],"_links":{"self":[{"href":"https:\/\/www.cantabriarallye.net\/newcantabriarallye\/wp-json\/wp\/v2\/posts\/7368","targetHints":{"allow":["GET"]}}],"collection":[{"href":"https:\/\/www.cantabriarallye.net\/newcantabriarallye\/wp-json\/wp\/v2\/posts"}],"about":[{"href":"https:\/\/www.cantabriarallye.net\/newcantabriarallye\/wp-json\/wp\/v2\/types\/post"}],"author":[{"embeddable":true,"href":"https:\/\/www.cantabriarallye.net\/newcantabriarallye\/wp-json\/wp\/v2\/users\/2"}],"replies":[{"embeddable":true,"href":"https:\/\/www.cantabriarallye.net\/newcantabriarallye\/wp-json\/wp\/v2\/comments?post=7368"}],"version-history":[{"count":1,"href":"https:\/\/www.cantabriarallye.net\/newcantabriarallye\/wp-json\/wp\/v2\/posts\/7368\/revisions"}],"predecessor-version":[{"id":7370,"href":"https:\/\/www.cantabriarallye.net\/newcantabriarallye\/wp-json\/wp\/v2\/posts\/7368\/revisions\/7370"}],"wp:featuredmedia":[{"embeddable":true,"href":"https:\/\/www.cantabriarallye.net\/newcantabriarallye\/wp-json\/wp\/v2\/media\/7369"}],"wp:attachment":[{"href":"https:\/\/www.cantabriarallye.net\/newcantabriarallye\/wp-json\/wp\/v2\/media?parent=7368"}],"wp:term":[{"taxonomy":"category","embeddable":true,"href":"https:\/\/www.cantabriarallye.net\/newcantabriarallye\/wp-json\/wp\/v2\/categories?post=7368"},{"taxonomy":"post_tag","embeddable":true,"href":"https:\/\/www.cantabriarallye.net\/newcantabriarallye\/wp-json\/wp\/v2\/tags?post=7368"}],"curies":[{"name":"wp","href":"https:\/\/api.w.org\/{rel}","templated":true}]}}