{"id":7428,"date":"2025-10-20T12:15:00","date_gmt":"2025-10-20T10:15:00","guid":{"rendered":"https:\/\/www.cantabriarallye.net\/newcantabriarallye\/?p=7428"},"modified":"2025-10-20T13:58:20","modified_gmt":"2025-10-20T11:58:20","slug":"rallye-de-cobreces-videoentrevistas-2","status":"publish","type":"post","link":"https:\/\/www.cantabriarallye.net\/newcantabriarallye\/rallye-de-cobreces-videoentrevistas-2\/","title":{"rendered":"Rallye de Cobreces- Videoentrevistas"},"content":{"rendered":"<p>Ya tenemos aqu\u00ed, una nueva edici\u00f3n del Rallye de Cobreces, organizado nuevamente por la escuder\u00eda Cobreces, con la familia Lav\u00edn y Pernia realizando la prueba. Una vez m\u00e1s, los tramos t\u00edpicos de Cobreces, se dan cita en esta espectacular prueba, que llega a su 41 edici\u00f3n.<br \/>\nEl espect\u00e1culo est\u00e1 servido en la zona, con tramos carism\u00e1ticos, en una prueba muy querida por los aficionados y pilotos de Cantabria.<br \/>\nNos visitaba Ra\u00fal Lav\u00edn, uno de sus organizadores, que nos hablaba de las novedades de la prueba.<br \/>\nNo se tienen que perder la cita de Cobreces, pues es un verdadero espect\u00e1culo de motor y de participaci\u00f3n, superando el centenar de veh\u00edculos.<\/p>\n<table border=\"0\" align=\"center\">\n<tbody>\n<tr>\n<td colspan=\"1\" rowspan=\"1\">\n<p align=\"center\"><img decoding=\"async\" src=\"https:\/\/www.cantabriarallye.net\/newcantabriarallye\/wp-content\/uploads\/2025\/noticias\/videoimpresiones\/cobreces\/portada.jpg\" border=\"0\" \/><\/p>\n<\/td>\n<\/tr>\n<tr>\n<td colspan=\"1\" rowspan=\"1\">\n<p align=\"center\"><span style=\"font-size: small;\">Foto: Cantabriarallye.net<\/span><\/p>\n<\/td>\n<\/tr>\n<\/tbody>\n<\/table>\n<p><!--more--><\/p>\n<p>Nos visitaban Ra\u00fal Lav\u00edn, uno de los organizadores del fant\u00e1stico Rallye de Cobreces. Ra\u00fal ya es veterano en nuestras entrevistas, para hablarnos de su magn\u00edfica prueba.<br \/>\nNo se tienen que perder esta prueba, que llega a la 41 edici\u00f3n, si bien la prueba es la t\u00edpica de la zona, con el encanto del pueblo de Cobreces, que siempre nos acoge. Tramal\u00f3n, Cildad, Caborredondo y Udias, son los tramos t\u00edpicos de la prueba, que \u00abbien aderezados\u00bb por la organizaci\u00f3n, consiguen siempre un rallye de Cobreces mas que atractivo.<br \/>\nDisfruten nuevamente como he disfrutado , charlando con Rub\u00e9n Lav\u00edn, sobre una nueva edici\u00f3n del rallye de Cobreces.<\/p>\n<h1 style=\"text-align: center;\"><strong>VIDEO-ENTREVISTA<\/strong><\/h1>\n<table border=\"0\" width=\"57%\" align=\"center\">\n<tbody>\n<tr>\n<td colspan=\"1\" rowspan=\"1\">\n<p align=\"center\">Ra\u00fal Lav\u00edn &#8211; Rallye de Cobreces<\/p>\n<\/td>\n<\/tr>\n<tr>\n<td colspan=\"1\" rowspan=\"1\">\n<p align=\"center\"><iframe loading=\"lazy\" src=\"\/\/www.youtube.com\/embed\/sE82c_-lPko?t\" width=\"560\" height=\"314\" allowfullscreen=\"allowfullscreen\"><\/iframe><\/p>\n<\/td>\n<\/tr>\n<tr>\n<td colspan=\"1\" rowspan=\"1\">\n<hr align=\"center\" \/>\n<\/td>\n<\/tr>\n<tr>\n<td colspan=\"1\" rowspan=\"1\">\n<p align=\"center\"><a href=\"http:\/\/carpinteriabenjamin.com\/carpinteria.htm\"><img decoding=\"async\" src=\"https:\/\/www.cantabriarallye.net\/newcantabriarallye\/wp-content\/uploads\/2017\/noticias\/varios\/benjamin.jpg\" border=\"0\" \/><\/a><\/p>\n<\/td>\n<\/tr>\n<tr>\n<td colspan=\"1\" rowspan=\"1\">\n<p align=\"center\">\n<\/td>\n<\/tr>\n<\/tbody>\n<\/table>\n<!-- AddThis Advanced Settings generic via filter on the_content --><!-- AddThis Share Buttons generic via filter on the_content -->","protected":false},"excerpt":{"rendered":"<p>Ya tenemos aqu\u00ed, una nueva edici\u00f3n del Rallye de Cobreces, organizado nuevamente por la escuder\u00eda Cobreces, con la familia Lav\u00edn y Pernia realizando la prueba. Una vez m\u00e1s, los tramos t\u00edpicos de Cobreces, se dan cita en esta espectacular prueba, que llega a su 41 edici\u00f3n. El espect\u00e1culo est\u00e1 servido en la zona, con tramos [&hellip;]<!-- AddThis Advanced Settings generic via filter on wp_trim_excerpt --><!-- AddThis Share Buttons generic via filter on wp_trim_excerpt --><\/p>\n","protected":false},"author":2,"featured_media":7429,"comment_status":"closed","ping_status":"closed","sticky":false,"template":"","format":"standard","meta":{"_exactmetrics_skip_tracking":false,"_exactmetrics_sitenote_active":false,"_exactmetrics_sitenote_note":"","_exactmetrics_sitenote_category":0,"footnotes":""},"categories":[47],"tags":[],"class_list":["post-7428","post","type-post","status-publish","format-standard","has-post-thumbnail","hentry","category-video-impresiones"],"_links":{"self":[{"href":"https:\/\/www.cantabriarallye.net\/newcantabriarallye\/wp-json\/wp\/v2\/posts\/7428","targetHints":{"allow":["GET"]}}],"collection":[{"href":"https:\/\/www.cantabriarallye.net\/newcantabriarallye\/wp-json\/wp\/v2\/posts"}],"about":[{"href":"https:\/\/www.cantabriarallye.net\/newcantabriarallye\/wp-json\/wp\/v2\/types\/post"}],"author":[{"embeddable":true,"href":"https:\/\/www.cantabriarallye.net\/newcantabriarallye\/wp-json\/wp\/v2\/users\/2"}],"replies":[{"embeddable":true,"href":"https:\/\/www.cantabriarallye.net\/newcantabriarallye\/wp-json\/wp\/v2\/comments?post=7428"}],"version-history":[{"count":4,"href":"https:\/\/www.cantabriarallye.net\/newcantabriarallye\/wp-json\/wp\/v2\/posts\/7428\/revisions"}],"predecessor-version":[{"id":7437,"href":"https:\/\/www.cantabriarallye.net\/newcantabriarallye\/wp-json\/wp\/v2\/posts\/7428\/revisions\/7437"}],"wp:featuredmedia":[{"embeddable":true,"href":"https:\/\/www.cantabriarallye.net\/newcantabriarallye\/wp-json\/wp\/v2\/media\/7429"}],"wp:attachment":[{"href":"https:\/\/www.cantabriarallye.net\/newcantabriarallye\/wp-json\/wp\/v2\/media?parent=7428"}],"wp:term":[{"taxonomy":"category","embeddable":true,"href":"https:\/\/www.cantabriarallye.net\/newcantabriarallye\/wp-json\/wp\/v2\/categories?post=7428"},{"taxonomy":"post_tag","embeddable":true,"href":"https:\/\/www.cantabriarallye.net\/newcantabriarallye\/wp-json\/wp\/v2\/tags?post=7428"}],"curies":[{"name":"wp","href":"https:\/\/api.w.org\/{rel}","templated":true}]}}