{"id":7432,"date":"2025-10-22T12:30:00","date_gmt":"2025-10-22T10:30:00","guid":{"rendered":"https:\/\/www.cantabriarallye.net\/newcantabriarallye\/?p=7432"},"modified":"2025-10-19T23:37:01","modified_gmt":"2025-10-19T21:37:01","slug":"dani-sordo-vence-en-el-rally-vidreiro","status":"publish","type":"post","link":"https:\/\/www.cantabriarallye.net\/newcantabriarallye\/dani-sordo-vence-en-el-rally-vidreiro\/","title":{"rendered":"Dani Sordo, vence en el Rally Vidreiro"},"content":{"rendered":"<p>Dani Sordo y C\u00e1ndido Carrera son los flamantes campeones del CPR (Campeonato de Portugal de Rallies) 2025, la justa recompensa a la impresionante actuaci\u00f3n que han cuajado este fin de semana, en la octava y \u00faltima cita de la temporada, el Rally Vidreiro Centro de Portugal.<br \/>\nLos espa\u00f1oles del Team Hyundai Portugal han dado el \u00abdo de pecho\u00bb, liderando de principio a fin la prueba decisiva, que ha resuelto una igualada pugna por el t\u00edtulo entre tres equipos. La Power Stage final, donde han vuelto a ser los m\u00e1s r\u00e1pidos, ha resultado crucial para el c\u00e1ntabro y el gallego, vencedores a la heroica (por seis d\u00e9cimas) de una cita muy disputada, que les ha dado autom\u00e1ticamente el cetro nacional luso.<\/p>\n<table border=\"0\" align=\"center\">\n<tbody>\n<tr>\n<td width=\"190\">\n<div align=\"center\"><img decoding=\"async\" src=\"https:\/\/www.cantabriarallye.net\/newcantabriarallye\/wp-content\/uploads\/2025\/noticias\/sordo\/portada.jpg\" border=\"0\" \/><\/div>\n<\/td>\n<\/tr>\n<tr>\n<td width=\"190\">\n<div align=\"center\"><span style=\"font-size: small;\">Foto:Prensa Dani Sordo<\/span><\/div>\n<\/td>\n<\/tr>\n<\/tbody>\n<\/table>\n<p><!--more--><\/p>\n<p>De esta forma, Dani Sordo y C\u00e1ndido Carrera han hecho historia, consagr\u00e1ndose como los primeros espa\u00f1oles que conquistan el CPR (Campeonato de Portugal de Rallies).<\/p>\n<p>En su primera temporada compitiendo a tiempo completo ante la afici\u00f3n del pa\u00eds vecino, el piloto de Puente San Miguel y el copiloto de Salvaterra do Mi\u00f1o han logrado tres podios sobre tierra y otros tantos triunfos en las cuatro pruebas de asfalto del calendario, estrenando el Hyundai i20N Rally2 &#8216;Step2&#8217;.<\/p>\n<p>El veh\u00edculo de \u00faltima generaci\u00f3n desarrollado por Hyundai Customer Racing ha registrado su primer galard\u00f3n gracias al saber hacer de Dani Sordo, que, 20 a\u00f1os despu\u00e9s de proclamarse el campe\u00f3n m\u00e1s joven del CERA (Campeonato de Espa\u00f1a de Rallies de Asfalto), ha sumado un nuevo t\u00edtulo nacional a su palmar\u00e9s en el CPR (Campeonato de Portugal de Rallies).<\/p>\n<p>Dani Sordo: \u00abAl final, hemos podido conseguir el Campeonato de Portugal. Ha sido un fin de semana incre\u00edble&#8230; Hemos estado muy concentrados todo el rally, con una diferencia m\u00e1xima de 2.7 segundos. Antes del \u00faltimo tramo, segu\u00edamos l\u00edderes por s\u00f3lo seis d\u00e9cimas, y hemos acabado ganando el rally y el campeonato por menos de un segundo. Brutal&#8230; Una pasada, la verdad. Estoy s\u00faper contento, esto me da una inyecci\u00f3n de moral. Quiero dedicar el t\u00edtulo a mi familia, al equipo y a todos los que han estado apoy\u00e1ndome este a\u00f1o\u00bb.<\/p>\n<table border=\"0\" align=\"center\">\n<tbody>\n<tr>\n<td width=\"190\">\n<div align=\"center\"><img decoding=\"async\" src=\"https:\/\/www.cantabriarallye.net\/newcantabriarallye\/wp-content\/uploads\/2025\/noticias\/sordo\/foto.jpg\" border=\"0\" \/><\/div>\n<\/td>\n<\/tr>\n<tr>\n<td width=\"190\">\n<div align=\"center\"><span style=\"font-size: small;\">Foto:Prensa Dani Sordo<\/span><\/div>\n<\/td>\n<\/tr>\n<\/tbody>\n<\/table>\n<p>&#8211; El de Puente San Miguel y su copiloto, C\u00e1ndido Carrera, debutantes este a\u00f1o como aspirantes al t\u00edtulo del pa\u00eds vecino, son los primeros espa\u00f1oles que logran los honores en el certamen luso.<\/p>\n<p>&#8211; El c\u00e1ntabro ha rematado el campeonato con una meritoria victoria en la \u00faltima cita, que ha acabado rubricando por seis d\u00e9cimas, como vencedor una vez m\u00e1s de la Power Stage.<\/p>\n<p>&#8211; El piloto de la estructura de Hyundai Customer Racing Iberia se ha adjudicado tres de las cuatro pruebas sobre asfalto disputadas esta temporada, al volante del Hyundai i20N Rally2 &#8216;Step2&#8217;.<\/p>\n<p>CLASIFICACI\u00d3N RALLY VIDREIRO CENTRO DE PORTUGAL 2025<\/p>\n<p>1\u00ba- Dani Sordo \/ C\u00e1ndido Carrera (Hyundai i20N Rally2 &#8216;Step2&#8217;), 55:51.4<br \/>\n2\u00ba- Kris Meeke \/ James Fulton (Toyota GR Yaris Rally2), a 0.8<br \/>\n3\u00ba- Gon\u00e7alo Henriques \/ In\u00eas Veiga (Hyundai i20N Rally2), a 1:01.4<br \/>\n4\u00ba- Ricardo Teod\u00f3sio \/ Jos\u00e9 Teixeira (Toyota GR Yaris Rally2), a 1:06.0<br \/>\n5\u00ba- Armindo Ara\u00fajo \/ Lu\u00eds Ramalho (\u0160koda Fabia RS Rally2), a 1:10.3<br \/>\nPrensa Dani Sordo<\/p>\n<!-- AddThis Advanced Settings generic via filter on the_content --><!-- AddThis Share Buttons generic via filter on the_content -->","protected":false},"excerpt":{"rendered":"<p>Dani Sordo y C\u00e1ndido Carrera son los flamantes campeones del CPR (Campeonato de Portugal de Rallies) 2025, la justa recompensa a la impresionante actuaci\u00f3n que han cuajado este fin de semana, en la octava y \u00faltima cita de la temporada, el Rally Vidreiro Centro de Portugal. Los espa\u00f1oles del Team Hyundai Portugal han dado el [&hellip;]<!-- AddThis Advanced Settings generic via filter on wp_trim_excerpt --><!-- AddThis Share Buttons generic via filter on wp_trim_excerpt --><\/p>\n","protected":false},"author":2,"featured_media":7433,"comment_status":"closed","ping_status":"closed","sticky":false,"template":"","format":"standard","meta":{"_exactmetrics_skip_tracking":false,"_exactmetrics_sitenote_active":false,"_exactmetrics_sitenote_note":"","_exactmetrics_sitenote_category":0,"footnotes":""},"categories":[37],"tags":[],"class_list":["post-7432","post","type-post","status-publish","format-standard","has-post-thumbnail","hentry","category-c58-ultimas-nocicias"],"_links":{"self":[{"href":"https:\/\/www.cantabriarallye.net\/newcantabriarallye\/wp-json\/wp\/v2\/posts\/7432","targetHints":{"allow":["GET"]}}],"collection":[{"href":"https:\/\/www.cantabriarallye.net\/newcantabriarallye\/wp-json\/wp\/v2\/posts"}],"about":[{"href":"https:\/\/www.cantabriarallye.net\/newcantabriarallye\/wp-json\/wp\/v2\/types\/post"}],"author":[{"embeddable":true,"href":"https:\/\/www.cantabriarallye.net\/newcantabriarallye\/wp-json\/wp\/v2\/users\/2"}],"replies":[{"embeddable":true,"href":"https:\/\/www.cantabriarallye.net\/newcantabriarallye\/wp-json\/wp\/v2\/comments?post=7432"}],"version-history":[{"count":1,"href":"https:\/\/www.cantabriarallye.net\/newcantabriarallye\/wp-json\/wp\/v2\/posts\/7432\/revisions"}],"predecessor-version":[{"id":7434,"href":"https:\/\/www.cantabriarallye.net\/newcantabriarallye\/wp-json\/wp\/v2\/posts\/7432\/revisions\/7434"}],"wp:featuredmedia":[{"embeddable":true,"href":"https:\/\/www.cantabriarallye.net\/newcantabriarallye\/wp-json\/wp\/v2\/media\/7433"}],"wp:attachment":[{"href":"https:\/\/www.cantabriarallye.net\/newcantabriarallye\/wp-json\/wp\/v2\/media?parent=7432"}],"wp:term":[{"taxonomy":"category","embeddable":true,"href":"https:\/\/www.cantabriarallye.net\/newcantabriarallye\/wp-json\/wp\/v2\/categories?post=7432"},{"taxonomy":"post_tag","embeddable":true,"href":"https:\/\/www.cantabriarallye.net\/newcantabriarallye\/wp-json\/wp\/v2\/tags?post=7432"}],"curies":[{"name":"wp","href":"https:\/\/api.w.org\/{rel}","templated":true}]}}