{"id":7438,"date":"2025-10-26T15:14:12","date_gmt":"2025-10-26T13:14:12","guid":{"rendered":"https:\/\/www.cantabriarallye.net\/newcantabriarallye\/?p=7438"},"modified":"2025-10-26T15:14:13","modified_gmt":"2025-10-26T13:14:13","slug":"pernia-y-cue-vencen-en-cobreces","status":"publish","type":"post","link":"https:\/\/www.cantabriarallye.net\/newcantabriarallye\/pernia-y-cue-vencen-en-cobreces\/","title":{"rendered":"Pernia y Cue, vencen en Cobreces"},"content":{"rendered":"<p>Bonito espect\u00e1culo en el Rallye de Cobreces, con la victoria de Shura Pernia y Dani Cue, en donde la segunda posici\u00f3n era para Pablo Fern\u00e1ndez y \u00c1lvaro Guti\u00e9rrez. Gerardo Gonz\u00e1lez y Borja Odriozola, eran los terceros clasificados, en la meta de Cobreces.<br \/>\nEn las diferentes copas y trofeos de Cantabria, destacar, La Copa Braulio Ruiz era para Xabier M\u00fagica y Miriam Iztueta, siendo el campeonato Vasco de Rallyes, para Gorja Antxustegi y Xabat Urresti, con su impresionante Clio. Williams.<br \/>\nLos cl\u00e1sicos de Velocidad eran para Alfredo Cacicedo y Roberto Rumazo, siendo el piloto junior Koldo Betanzos.<br \/>\nLa Copa Kumho era para Javier Guti\u00e9rrez y Miguel Guti\u00e9rrez, siendo la Open Pirelli del Norte para Garikoitz L\u00f3pez y Haizea Txoperena.<br \/>\nLa propulsi\u00f3n era para Aingueru Castro y Alaitz Urkiola. Bonito rallye de Cobreces, con la magia y el buen hacer de la escuder\u00eda Cobreces.<\/p>\n<table border=\"0\" align=\"center\">\n<tbody>\n<tr>\n<td>\n<div align=\"center\"><img decoding=\"async\" src=\"https:\/\/www.cantabriarallye.net\/newcantabriarallye\/wp-content\/uploads\/2025\/pruebas2025\/cobreces\/portada.jpg\" \/><\/div>\n<\/td>\n<\/tr>\n<tr>\n<td>\n<div align=\"center\"><span style=\"font-family: Verdana, Arial, Helvetica, sans-serif;\">Shura Pernia y Dani Cue, venc\u00edan\u00bben casa\u00bb.<br \/>\nFoto :CantabriaRallye.net<\/span><\/div>\n<\/td>\n<\/tr>\n<\/tbody>\n<\/table>\n<p><!--more--><\/p>\n<table class=\" alignright\" style=\"width: 500px;\" border=\"0\" align=\"right\">\n<tbody>\n<tr>\n<td>\n<div align=\"center\"><img decoding=\"async\" src=\"https:\/\/www.cantabriarallye.net\/newcantabriarallye\/wp-content\/uploads\/2025\/pruebas2025\/cobreces\/shura.jpg\" \/><\/div>\n<\/td>\n<\/tr>\n<tr>\n<td>\n<div align=\"center\"><span style=\"font-family: Verdana, Arial, Helvetica, sans-serif;\">Shura Pernia y Dani Cue, venc\u00edan\u00bben casa\u00bb.<br \/>\nFoto :CantabriaRallye.net<\/span><\/div>\n<\/td>\n<\/tr>\n<tr>\n<td>\n<div align=\"center\"><img decoding=\"async\" src=\"https:\/\/www.cantabriarallye.net\/newcantabriarallye\/wp-content\/uploads\/2025\/pruebas2025\/cobreces\/pablo.jpg\" \/><\/div>\n<\/td>\n<\/tr>\n<tr>\n<td>\n<div align=\"center\"><span style=\"font-family: Verdana, Arial, Helvetica, sans-serif;\">Pablo Fern\u00e1ndez y Alvaro Guti\u00e9rrez, eran los<br \/>\nsegundos clasificados.<br \/>\nFoto :CantabriaRallye.net<\/span><\/div>\n<\/td>\n<\/tr>\n<tr>\n<td>\n<div align=\"center\"><img decoding=\"async\" src=\"https:\/\/www.cantabriarallye.net\/newcantabriarallye\/wp-content\/uploads\/2025\/pruebas2025\/cobreces\/gerardo.jpg\" \/><\/div>\n<\/td>\n<\/tr>\n<tr>\n<td>\n<div align=\"center\"><span style=\"font-family: Verdana, Arial, Helvetica, sans-serif;\">Gerardo Gonz\u00e1lez y Borja Odriozola,<br \/>\nconsegu\u00edan el tercer caj\u00f3n, del podium final.<br \/>\nFoto :CantabriaRallye.net<\/span><\/div>\n<\/td>\n<\/tr>\n<tr>\n<td>\n<div align=\"center\"><img decoding=\"async\" src=\"https:\/\/www.cantabriarallye.net\/newcantabriarallye\/wp-content\/uploads\/2025\/pruebas2025\/cobreces\/xabier.jpg\" \/><\/div>\n<\/td>\n<\/tr>\n<tr>\n<td>\n<div align=\"center\"><span style=\"font-family: Verdana, Arial, Helvetica, sans-serif;\">La copa Braulio era para Xabier Mugica y Miriam Iztueta<br \/>\nFoto :CantabriaRallye.net<\/span><\/div>\n<\/td>\n<\/tr>\n<tr>\n<td>\n<div align=\"center\"><img decoding=\"async\" src=\"https:\/\/www.cantabriarallye.net\/newcantabriarallye\/wp-content\/uploads\/2025\/pruebas2025\/cobreces\/gorka.jpg\" \/><\/div>\n<\/td>\n<\/tr>\n<tr>\n<td>\n<div align=\"center\"><span style=\"font-family: Verdana, Arial, Helvetica, sans-serif;\">Gorka Antxustegi y Xabat Urresti, eran los<br \/>\nl\u00edderes del campeonato Vasco de rallyes<br \/>\nFoto :CantabriaRallye.net<\/span><\/div>\n<\/td>\n<\/tr>\n<\/tbody>\n<\/table>\n<p>Llegaba otra nueva edici\u00f3n del Rallye de Cobreces, que como en todas las anteriores ediciones, no defraudaba. Un rallye, BONITO, pero muy duro, si bien Cobreces siempre es una verdadera fiesta , de participaci\u00f3n y de p\u00fablico, en esta ocasi\u00f3n, en los tramos de la ma\u00f1ana, los \u00abgallos\u00bb estaban peleando entre s\u00ed, para estar lo m\u00e1s arriba posible, pero en el trascurso de la prueba y con la lluvia como compa\u00f1era, volv\u00edamos a tener un magnifico rallye de Cobreces, que volv\u00eda a pasar la \u00abfactura\u00bb, con el abandono de parios pilotos punteros.<br \/>\nTambi\u00e9n esta prueba era puntuable para el Campeonato Vasco de Rallyes, con lo cual, nuestros \u00abvecinos\u00bb los pilotos vascos, estar\u00edan tambi\u00e9n \u00abguerreando\u00bb por los tramos de Cobreces.<br \/>\nLa victoria volv\u00eda a ser para el piloto local Shura Pernia que con su inseparable Dani Cue, consegu\u00eda OTRA victoria en el Rallye de \u00abcasa\u00bb. Pablo Fern\u00e1ndez y Gerardo Gonz\u00e1lez eran quienes finalmente les acompa\u00f1aban en el p\u00f3dium final de la Playa de Lua\u00f1a en Cobreces.<\/p>\n<p>Aun as\u00ed, hasta llegar a estos resultados, hemos tenido, un rallye de Cobreces, se puede decir, \u00abcomo los de antes\u00bb, en donde se han podido luchar hasta el final. Adem\u00e1s la prueba era puntuable para el Campeonato Vasco, en donde nuestros \u00abvecinos\u00bb los equipos Vascos, tambi\u00e9n le han dado colorido a la prueba, con sus espectaculares monturas.<br \/>\nLa prueba comenzaba en la ma\u00f1ana con el tramo de Santillana del Mar, un tramo de 10,70 kil\u00f3metros que \u00abno defraudaba\u00bb. En esta especial, el mejor de los cronos ya era para Shura Pernia y Dani Cue. el equipo local comenzaba \u00abmandando\u00bb lo que ser\u00eda la t\u00f3nica dominante, si bien, el resto de \u00abgallos\u00bb del corral, no se lo pondr\u00edan nada facial. El Actual l\u00edder del tramo, consegu\u00eda un crono de 6:10,04, siendo la segunda posici\u00f3n para Dani Pe\u00f1a y Ra\u00fal P\u00e9rez. El equipo del grupo Blendio, se colocaba a tan solo CINCO segundos del actual l\u00edder, siendo la tercera posici\u00f3n para Adrian Costas y \u00c1ngel Muriedas a DIEZ segundos del actual l\u00edder.<br \/>\nCostas y Muriedas eran otros de los equipos a tener en cuenta en esta magnifico rallye de Cobreces.<br \/>\nLa cuarta y la quinta posici\u00f3n en esta primera especial, era para Gerardo Gonz\u00e1lez y Gorka Antxustegi. Que vamos a decir de estos dos pilotos que no sepamos ya. Gerardo, cada vez lo hace mejor y en esta ocasi\u00f3n sentaba a su derecha a el gran Borja Odriozola y Antxustegi, con su espectacular Renault Cl\u00edo Williams, \u00abdaba gusto verle y escuchar el coche\u00bb.<br \/>\nGerardo en esta especial consegu\u00eda un crono de 6:29,29 y Gorka, consegu\u00eda un crono de 6:29,94. El primero de los tramos y los cronos ya estaban m\u00e1s que ajustados, siendo el \u00abpreludio\u00bb de un fastas tico Rallye de Cobreces y eso, que la prueba nada mas, hacia que comenzar.<br \/>\nSegundo tramo en disputarse, siendo este el t\u00edpico Tramalon. Ya nos dec\u00eda el organizador en nuestra video entrevista, que a primera hora Tramalon, patinar\u00eda y mucho, pero las declaraciones de los pilotos, eran todo lo contrario. En esta especial, el mejor de los cronos era para Dani Pe\u00f1a y Ra\u00fal P\u00e9rez. El equipo de Blendio, consegu\u00eda un crono de 2:46,41, estando por detr\u00e1s y muy \u00abcerquita\u00bb el piloto local, Shura Pernia. Todo esto no es de extra\u00f1ar, pues Shura corr\u00eda en \u00abcasa\u00bb y est\u00e1 corriendo \u00abpor delante de casa\u00bb. en esta ocasi\u00f3n se colocaba a tan solo 824 cent\u00e9simas de segundo.<br \/>\nLa tercera posici\u00f3n era para Costas y Muriedas a tan solo TRES segundos, completando los cinco mejores cronos del tramo, Pablo Fern\u00e1ndez y Gerardo Gonz\u00e1lez. Fern\u00e1ndez paraba el crono en 2:51,45, siendo de 2:53,12 el crono de Gonz\u00e1lez.<br \/>\nSegunda pasada al tramo de Santillana del Mar y Shura Pernia y Dani Cue, vuelven a estar lo m\u00e1s alto posible, en el tramo. En esta especial, el piloto de Ore\u00f1a, consegu\u00eda un crono de 6:01,28, siendo la segunda posici\u00f3n en esta ocasi\u00f3n para Costas y Muriedas a CUATRO segundos del actual l\u00edder. Bonita lucha por los puestos de Cabeza, con los \u00abgallos\u00bb de nuestro regional.<br \/>\nLa tercera posici\u00f3n era para Dani Pe\u00f1a y Ra\u00fal P\u00e9rez, que consegu\u00edan el MISMO crono que Costas, tan solo diferenciado por unas cent\u00e9simas de segundo, siendo estas de 386. Bonito espect\u00e1culo que estaban dando nuestros pilotos y todav\u00eda \u00abhab\u00eda mucha tela que cortar\u00bb.<br \/>\nPablo Fern\u00e1ndez y Gerardo Gonz\u00e1lez, eran quienes ocupaban la cuarta y la quinta posici\u00f3n<br \/>\nBonita carrera que estaban realizando ambos equipos y NINGUNO de ellos ceder\u00eda un \u00e1pice, manteni\u00e9ndolo hasta el final de la prueba. Fern\u00e1ndez, consegu\u00eda un crono de 6:17,27 siendo de 6:20,46 el crono de Gonz\u00e1lez.<br \/>\nUltima pasada al tramo de \u00abel monte\u00bb, Tramalon, el tramo que NUNCA falta en Cobreces, que es cortito, pero que tiene m\u00e1s \u00abtrampas que una pel\u00edcula de chinos\u00bb, con lo que gusta y mucho a los pilotos y aficionados, que se dan cita en Cobreces.<br \/>\nen eta especial, en esta ocasi\u00f3n, era para Costas y Muriedas, que consegu\u00edan el mejor de los cronos, siendo este de 2:45,29. Bonita carrera, que se estaba disputando en el espectacular rallye de Cobreces.<br \/>\nLa segunda posici\u00f3n en esta ocasi\u00f3n era para Shura Pernia y Dani Cue CON EL MISMO CRONO que Costas y tan solo diferenciado por 246 cent\u00e9simas de segundo. Espectacular los cronos y la lucha de \u00abtitanes\u00bb de estos pilotos.<br \/>\nLa tercera posici\u00f3n en esta especial era ara para Pe\u00f1a y P\u00e9rez a DOS segundos, siendo la cuarta y la quinta posici\u00f3n para Pablo Fern\u00e1ndez y Ricardo G\u00f3mez. Fern\u00e1ndez consegu\u00eda un crono de 2:48,90 y G\u00f3mez, consegu\u00eda un crono de 2:51,05.<br \/>\nBonita carrera y bonito espect\u00e1culo que se estaban marcando nuestros pilotos. con esto lleg\u00e1bamos al epicentro de la prueba, en donde el actual l\u00edder del tramo era Shura Pernia y Dani Cue, seguido por Dani Pe\u00f1a y Ra\u00fal P\u00e9rez a DIEZ segundos. La tercera posici\u00f3n provisionalmente era para Adrian Costas y \u00c1ngel Muriedas.<br \/>\nAhora quedaban los tramos de la tarde en donde los pilotos volver\u00edan a estar luchando por los puestos de cabeza, pero en esta ocasi\u00f3n, con la lluvia como compa\u00f1era, si bien en la primera secci\u00f3n de la tarde, el tramo estaba totalmente seco, a media tarde, llegaba la lluvia y los pilotos, suficiente ten\u00edan, con poder terminar los tramos, que se pon\u00edan mas que delicados.<\/p>\n<p><!--nextpage--><\/p>\n<table class=\" alignleft\" style=\"width: 500px;\" border=\"0\" align=\"right\">\n<tbody>\n<tr>\n<td>\n<div align=\"center\"><img decoding=\"async\" src=\"https:\/\/www.cantabriarallye.net\/newcantabriarallye\/wp-content\/uploads\/2025\/pruebas2025\/cobreces\/cacicedo.jpg\" \/><\/div>\n<\/td>\n<\/tr>\n<tr>\n<td>\n<div align=\"center\"><span style=\"font-family: Verdana, Arial, Helvetica, sans-serif;\">Los cl\u00e1sicos de Velocidad, eran para Cacicedo y<br \/>\nRumazo.<br \/>\nFoto :CantabriaRallye.net<\/span><\/div>\n<\/td>\n<\/tr>\n<tr>\n<td>\n<div align=\"center\"><img decoding=\"async\" src=\"https:\/\/www.cantabriarallye.net\/newcantabriarallye\/wp-content\/uploads\/2025\/pruebas2025\/cobreces\/koldo.jpg\" \/><\/div>\n<\/td>\n<\/tr>\n<tr>\n<td>\n<div align=\"center\"><span style=\"font-family: Verdana, Arial, Helvetica, sans-serif;\">Koldo Betanzos, era el l\u00edder, en el campeonato Junior<br \/>\nFoto :CantabriaRallye.net<\/span><\/div>\n<\/td>\n<\/tr>\n<tr>\n<td>\n<div align=\"center\"><img decoding=\"async\" src=\"https:\/\/www.cantabriarallye.net\/newcantabriarallye\/wp-content\/uploads\/2025\/pruebas2025\/cobreces\/javier.jpg\" \/><\/div>\n<\/td>\n<\/tr>\n<tr>\n<td>\n<div align=\"center\"><span style=\"font-family: Verdana, Arial, Helvetica, sans-serif;\">La copa Khumo era para Javier Guti\u00e9rrez<br \/>\nFoto :Archivo CantabriaRallye.net<\/span><\/div>\n<\/td>\n<\/tr>\n<tr>\n<td>\n<div align=\"center\"><img decoding=\"async\" src=\"https:\/\/www.cantabriarallye.net\/newcantabriarallye\/wp-content\/uploads\/2025\/pruebas2025\/cobreces\/lopez.jpg\" \/><\/div>\n<\/td>\n<\/tr>\n<tr>\n<td>\n<div align=\"center\"><span style=\"font-family: Verdana, Arial, Helvetica, sans-serif;\">La copa Pirelli del Norte era para Garikoit L\u00f3pez<br \/>\nFoto :CantabriaRallye.net<\/span><\/div>\n<\/td>\n<\/tr>\n<tr>\n<td>\n<div align=\"center\"><img decoding=\"async\" src=\"https:\/\/www.cantabriarallye.net\/newcantabriarallye\/wp-content\/uploads\/2025\/pruebas2025\/cobreces\/castro.jpg\" \/><\/div>\n<\/td>\n<\/tr>\n<tr>\n<td>\n<div align=\"center\"><span style=\"font-family: Verdana, Arial, Helvetica, sans-serif;\">La propulsi\u00f3n era para Aingeru Castro<br \/>\nFoto :CantabriaRallye.net<\/span><\/div>\n<\/td>\n<\/tr>\n<\/tbody>\n<\/table>\n<p>Comenzaba el espect\u00e1culo de Cobreces, con la disputa de los tramos de la tarde. Para esta ocasi\u00f3n, ten\u00edamos el t\u00edpico tramo de Caborredondo al Camarao, que hac\u00eda varias temporadas que no se disputaba y que la organizaci\u00f3n, volv\u00eda a a\u00f1adir para todos nosotros y el tramo de Udias, un tramo en el que no te puedes fiar tampoco, que hab\u00eda sido ampliado por la salida. Adem\u00e1s las primeras pasadas en los dos tramos se realizaban en seco, para despu\u00e9s, en las segundas pasadas, llegar la lluvia.<\/p>\n<p>Llegaba la primera pasada al tramo de Caborredondo, en donde el mejor de los cronos era para Shura Pernia y Dani Cue. Shurayen este tramo, consegu\u00eda un crono de 4:43.60, siendo la segunda posici\u00f3n para Dani Pe\u00f1a a tan solo UN segundo.(980 cent\u00e9simas de segundo)<br \/>\nEl piloto de Ore\u00f1a estaba aguantando los \u00abenvites\u00bb de sus adversarios, aunque como dec\u00edamos anteriormente, ten\u00eda una ventaja de unos 10 segundos y pod\u00eda rodar m\u00e1s o menos tranquilo.<br \/>\nLa tercera posici\u00f3n era para Pablo Fern\u00e1ndez y Alvaro Guti\u00e9rrez, que en este rallye, estaban \u00ababonados\u00bb a esta posici\u00f3n y lo mejor es que en la general, tambi\u00e9n marcaban esta posici\u00f3n. El equipo de La Busta, consegu\u00eda un crono de 4:51,87 a OCHO segundos y medio del actual l\u00edder.<br \/>\nEl cuarto y el quinto clasificado eran Gorka Antxustegi y Gerardo Gonz\u00e1lez. Antxustegi l\u00edder del campeonato vasco, con su espectacular Cl\u00edo Williams y un crono de 4:58,31 y Gonz\u00e1lez, que consegu\u00eda un crono de 5:00,39.<br \/>\nExcelente carrera que se estaban marcando, los pilotos participantes.<br \/>\nLlagaba el tramo de Udias, un tramo tambi\u00e9n Largo y que es indispensable en el Rallye de Cobreces. Aqu\u00ed llega la sorpresa del Rallye, pues Dani Pe\u00f1a y Ra\u00fal P\u00e9rez consiguen el liderato del tramo, coloc\u00e1ndose l\u00edder del mismo y de la prueba, pues se \u00abmeriendan\u00bb los 11 segundos de ventaja que ten\u00edan Shura Pernia. Carrer\u00f3n del piloto de Blendio y error del piloto de Ore\u00f1a, pero as\u00ed son las carreras. Pe\u00f1a consegu\u00eda un crono de 6:48,43, coloc\u00e1ndose l\u00edder del tramo.<br \/>\nPor detr\u00e1s en la segunda posici\u00f3n ten\u00edamos a Pablo Fern\u00e1ndez y \u00c1lvaro Guti\u00e9rrez a ONCE segundos del actual l\u00edder, con un crono de 7:00,01. La tercera posici\u00f3n era para Gerardo Gonz\u00e1lez con EL MISMO CRONO que pablo Fern\u00e1ndez, tan solo diferenciado por unas cent\u00e9simas de segundo., siendo esta de 871 cent\u00e9simas de segundo.<br \/>\nLa cuarta y la quinta posici\u00f3n eran para Antxustegi y \u00c1ngel Rivero. El piloto vasco consegu\u00eda un crono de 7:04,97 y el piloto C\u00e1ntabro que \u00abestrenaba\u00bb veh\u00edculo, consegu\u00eda un crono de 7:05,96.<br \/>\nPero la gran pregunta era donde estaba Shura Pernia, que consegu\u00eda la ONCEABA posici\u00f3n. La rotura de un palier era el culpable del retraso del piloto de Ore\u00f1a, que hab\u00eda estado dominando la prueba, hasta ahora. Aqu\u00ed el dilema era seguir e intentar REMONTAR la prueba saliendo \u00bb a pecho descubierto\u00bb y sin ninguna ventaja. R\u00e1pidamente se reparaba el palier y en los tramos que quedaba, se intentar\u00eda hacer lo que se pudiera, pero esta vez con VEINTE SEGUNDOS EN CONTRA.<br \/>\nLlegaba el tramo de Caborredondo y la lluvia como compa\u00f1era, en donde Dani Pe\u00f1a y Ra\u00fal P\u00e9rez sufren una salida de carretera, lo que les obliga a abandonar. en el intenso diluvio que ca\u00eda en el tramo, llegaba Shura Pernia y Dani Cue, como verdaderos campeones y consegu\u00edan el mejor de los cronos en esta especial. 5:32,67 era el crono del piloto de Ore\u00f1a, que consegu\u00eda sobreponerse y colocarse nuevamente LIDER de la prueba \u00abde casa\u00bb. Espect\u00e1culo sin igual, en esta ocasi\u00f3n, con la intensa lluvia como compa\u00f1era.<br \/>\nPablo Fern\u00e1ndez y \u00c1lvaro Guti\u00e9rrez, eran los segundos clasificados. El equipo de La Busta hab\u00edan estado rodando terceros en toda la prueba, pero ahora con el abandono de Pe\u00f1a, \u00abSE ENCONTRABAN\u00bb en esta segunda posici\u00f3n, que es mejor que buena.<br \/>\nLa tercera posici\u00f3n era para Gorka Id\u00edgoras, con su Peugeot 208 Rally 4, que se colocaba en esta magnifica posici\u00f3n con un crono de 5:54,07, siendo Garikoitz L\u00f3pez y Gerardo Gonz\u00e1lez, los que le segu\u00edan en la tabla. L\u00f3pez consegu\u00eda un crono de 5:56,33 y Gonz\u00e1lez un crono de 5:56,64.<br \/>\nTen\u00edamos se puede decir \u00abotro rallye nuevo\u00bb y con el af\u00e1n de superaci\u00f3n, Pernia y Cue, volv\u00edan a estar l\u00edderes de la prueba \u00abde casa\u00bb.<br \/>\nEl tramo de Odias era el que pon\u00eda el punto y final al Rallye, en donde Pernia, volv\u00eda a ser el mas r\u00e1pido. 7:33,13 era el crono del piloto de Ore\u00f1a, que volv\u00eda a tener OTRA EDICION MAS del rallye de Cobreces, en su poder.<br \/>\nLa segunda posici\u00f3n en este tramo era para Pablo Fern\u00e1ndez y \u00c1lvaro Guti\u00e9rrez, a OCHO segundos y MEDIO del actual l\u00edder siendo la tercera posici\u00f3n para \u00c1ngel Rivero, con su Ford fiesta R5, con un crono de 7:45,89.<br \/>\nGerardo Gonz\u00e1lez y Antxustegi, eran quienes le segu\u00edan en la tabla, con unos cronos de 7:46,99 y 7:49,87.<br \/>\nFinalmente la prueba de Cobreces era para Shura Pernia y Dani Cue, siendo la segunda posici\u00f3n para Pablo Fern\u00e1ndez y \u00c1lvaro Guti\u00e9rrez. Gerardo Gonz\u00e1lez y Borja Odriozola, eran los terceros clasificados, en la meta de Cobreces.<br \/>\nEn las diferentes copas y trofeos de Cantabria, destacar:<br \/>\nLa copa Braulio Ruiz era para Xabier M\u00fagica y Miriam Iztueta, siendo la segunda posici\u00f3n para Luis Alberto Dertiano y To\u00f1o Dertiano.<br \/>\nLa tercera posici\u00f3n era para Pablo pacheco y Jorge Barriuso.<br \/>\nEl campeonato Vasco de Rallyes, el l\u00edder era Gorja Antxustegi y Xabat Urresti, siendo la segunda posici\u00f3n para Garikoitz L\u00f3pez y Haizeda Txoperena. Aingueru Castro y Alaitz Urkiola eran los terceros clasificados.<br \/>\nLos cl\u00e1sicos de Velocidad eran para Alfredo Cacicedo y Roberto Rumazo, siendo la segunda posici\u00f3n para Juan Carlos Zorrilla y Marcos Guti\u00e9rrez.<\/p>\n<p>El piloto junior era Koldo Betanzos, siendo la segunda posici\u00f3n para Aitor Llarena.<\/p>\n<p>La copa Kumho era para Javier Guti\u00e9rrez y Miguel Guti\u00e9rrez, siendo la segunda posici\u00f3n para Diego Ortiz y Raquel Madrazo. La tercera posici\u00f3n era para Mario Cano y Andrea Herrero.<\/p>\n<p>La open Pirelli del Norte era para Garikoitz L\u00f3pez y Haizeda Txoperena, siendo la tercera posici\u00f3n para Gorka Id\u00edgoras e ion del Cid. Koldo Betanzos era el tercer clasificado, junto a Alize Etxebarria.<br \/>\nLa propulsi\u00f3n era para Aingueru Castro y Alaitz Urkiola, siendo la segunda posici\u00f3n para Aitzol Apalantza y Alain Agirre. Pablo pacheco y Jorge Barriuso, eran los terceros clasificados.<br \/>\nAs\u00ed terminaba una nueva edici\u00f3n de Cobreces un verdadero espect\u00e1culo del motor, con la escuder\u00eda Cobreces, como organizadora de la prueba.<\/p>\n<!-- AddThis Advanced Settings generic via filter on the_content --><!-- AddThis Share Buttons generic via filter on the_content -->","protected":false},"excerpt":{"rendered":"<p>Bonito espect\u00e1culo en el Rallye de Cobreces, con la victoria de Shura Pernia y Dani Cue, en donde la segunda posici\u00f3n era para Pablo Fern\u00e1ndez y \u00c1lvaro Guti\u00e9rrez. Gerardo Gonz\u00e1lez y Borja Odriozola, eran los terceros clasificados, en la meta de Cobreces. En las diferentes copas y trofeos de Cantabria, destacar, La Copa Braulio Ruiz [&hellip;]<!-- AddThis Advanced Settings generic via filter on wp_trim_excerpt --><!-- AddThis Share Buttons generic via filter on wp_trim_excerpt --><\/p>\n","protected":false},"author":2,"featured_media":7439,"comment_status":"closed","ping_status":"closed","sticky":false,"template":"","format":"standard","meta":{"_exactmetrics_skip_tracking":false,"_exactmetrics_sitenote_active":false,"_exactmetrics_sitenote_note":"","_exactmetrics_sitenote_category":0,"footnotes":""},"categories":[18],"tags":[],"class_list":["post-7438","post","type-post","status-publish","format-standard","has-post-thumbnail","hentry","category-c31-rallyes"],"_links":{"self":[{"href":"https:\/\/www.cantabriarallye.net\/newcantabriarallye\/wp-json\/wp\/v2\/posts\/7438","targetHints":{"allow":["GET"]}}],"collection":[{"href":"https:\/\/www.cantabriarallye.net\/newcantabriarallye\/wp-json\/wp\/v2\/posts"}],"about":[{"href":"https:\/\/www.cantabriarallye.net\/newcantabriarallye\/wp-json\/wp\/v2\/types\/post"}],"author":[{"embeddable":true,"href":"https:\/\/www.cantabriarallye.net\/newcantabriarallye\/wp-json\/wp\/v2\/users\/2"}],"replies":[{"embeddable":true,"href":"https:\/\/www.cantabriarallye.net\/newcantabriarallye\/wp-json\/wp\/v2\/comments?post=7438"}],"version-history":[{"count":1,"href":"https:\/\/www.cantabriarallye.net\/newcantabriarallye\/wp-json\/wp\/v2\/posts\/7438\/revisions"}],"predecessor-version":[{"id":7440,"href":"https:\/\/www.cantabriarallye.net\/newcantabriarallye\/wp-json\/wp\/v2\/posts\/7438\/revisions\/7440"}],"wp:featuredmedia":[{"embeddable":true,"href":"https:\/\/www.cantabriarallye.net\/newcantabriarallye\/wp-json\/wp\/v2\/media\/7439"}],"wp:attachment":[{"href":"https:\/\/www.cantabriarallye.net\/newcantabriarallye\/wp-json\/wp\/v2\/media?parent=7438"}],"wp:term":[{"taxonomy":"category","embeddable":true,"href":"https:\/\/www.cantabriarallye.net\/newcantabriarallye\/wp-json\/wp\/v2\/categories?post=7438"},{"taxonomy":"post_tag","embeddable":true,"href":"https:\/\/www.cantabriarallye.net\/newcantabriarallye\/wp-json\/wp\/v2\/tags?post=7438"}],"curies":[{"name":"wp","href":"https:\/\/api.w.org\/{rel}","templated":true}]}}