{"id":7496,"date":"2025-12-14T12:38:00","date_gmt":"2025-12-14T10:38:00","guid":{"rendered":"https:\/\/www.cantabriarallye.net\/newcantabriarallye\/?p=7496"},"modified":"2025-12-17T00:44:11","modified_gmt":"2025-12-16T22:44:11","slug":"mora-y-bajo-consiguen-la-victoria-en-praves","status":"publish","type":"post","link":"https:\/\/www.cantabriarallye.net\/newcantabriarallye\/mora-y-bajo-consiguen-la-victoria-en-praves\/","title":{"rendered":"Mora y Bajo, consiguen la victoria en Praves"},"content":{"rendered":"<p>Jos\u00e9 Manuel Mora e Iv\u00e1n Bajo consegu\u00edan la victoria en el Rallysprint de Praves, en donde la segunda posici\u00f3n era para Adrian Costas y \u00c1ngel Muriedas, que se colocaban muy cerca del actual l\u00edder, siendo tan solo 561 cent\u00e9simas de segundo lo que separaba a ambos.<br \/>\nLa tercera posici\u00f3n era para Jaime e Iv\u00e1n Bartolom\u00e9.<br \/>\nEn las diferentes copas de Cantabria, destacar, los cl\u00e1sicos de Velocidad, eran para Fernando e Ismael P\u00e9rez, siendo el desaf\u00edo Rub\u00e9n Vasco Grupo Adelma para Juan Rodr\u00edguez y Cristian Moran.<br \/>\nLa propulsi\u00f3n y el trofeo Tracci\u00f3n trasera Grupo La Flor, reca\u00eda en los mismos pilotos, siendo la primera posici\u00f3n para Mariano Lav\u00edn y V\u00edctor Manuel Haro.<br \/>\nUltima prueba de la temporada 2025, que pon\u00eda el punto y final al campeonato de Cantabria.<\/p>\n<table border=\"0\" align=\"center\">\n<tbody>\n<tr>\n<td>\n<div align=\"center\"><img decoding=\"async\" src=\"https:\/\/www.cantabriarallye.net\/newcantabriarallye\/wp-content\/uploads\/2025\/pruebas2025\/praves\/portada.jpg\" \/><\/div>\n<\/td>\n<\/tr>\n<tr>\n<td>\n<div align=\"center\"><span style=\"font-family: Verdana, Arial, Helvetica, sans-serif;\">Jose Manuel Mora e Iv\u00e1n Bajo, l\u00edderes en<br \/>\nPraves.<br \/>\nFoto : CantabriaRallye.net<\/span><\/div>\n<\/td>\n<\/tr>\n<\/tbody>\n<\/table>\n<p><!--more--><\/p>\n<table class=\" alignright\" style=\"width: 500px;\" border=\"0\" align=\"right\">\n<tbody>\n<tr>\n<td>\n<div align=\"center\"><img decoding=\"async\" src=\"https:\/\/www.cantabriarallye.net\/newcantabriarallye\/wp-content\/uploads\/2025\/pruebas2025\/praves\/mora.jpg\" \/><\/div>\n<\/td>\n<\/tr>\n<tr>\n<td>\n<div align=\"center\"><span style=\"font-family: Verdana, Arial, Helvetica, sans-serif;\">Jose Manuel Mora e Iv\u00e1n Bajo, l\u00edderes en<br \/>\nPraves.<br \/>\nFoto : CantabriaRallye.net<\/span><\/div>\n<\/td>\n<\/tr>\n<tr>\n<td>\n<div align=\"center\"><img decoding=\"async\" src=\"https:\/\/www.cantabriarallye.net\/newcantabriarallye\/wp-content\/uploads\/2025\/pruebas2025\/praves\/costas.jpg\" \/><\/div>\n<\/td>\n<\/tr>\n<tr>\n<td>\n<div align=\"center\"><span style=\"font-family: Verdana, Arial, Helvetica, sans-serif;\">Adri\u00e1n Costas y \u00c1ngel Muriedas, eran los<br \/>\nsegundos clasificados.<br \/>\nFoto : CantabriaRallye.net<\/span><\/div>\n<\/td>\n<\/tr>\n<tr>\n<td>\n<div align=\"center\"><img decoding=\"async\" src=\"https:\/\/www.cantabriarallye.net\/newcantabriarallye\/wp-content\/uploads\/2025\/pruebas2025\/praves\/sanemeterio.jpg\" \/><\/div>\n<\/td>\n<\/tr>\n<tr>\n<td>\n<div align=\"center\"><span style=\"font-family: Verdana, Arial, Helvetica, sans-serif;\">Jaime San Emeterio, era el tercer clasificado.<br \/>\nFoto : CantabriaRallye.net<\/span><\/div>\n<\/td>\n<\/tr>\n<\/tbody>\n<\/table>\n<p>Llegaba otra nueva edici\u00f3n del Rallysprint de Praves, la prueba que Beranga competici\u00f3n organizaba para nosotros. Un bonito final de fiesta donde se decid\u00edan los subcampeonatos de Rallysprint y que contaba con una gran inscripci\u00f3n, aun siendo la \u00faltima prueba y que casi todo estaba decidido.<br \/>\nYa en la pasada temporada, debutaba esta prueba en esta fechas \u00abpre-navide\u00f1as\u00bb y con cierto temor a la baja asistencia de pilotos participantes.<br \/>\nLas Ganas y el Buen hacer de la gente de Beranga competici\u00f3n, consegu\u00edan en la pasada temporada una gran inscripci\u00f3n y en esta temporada, MAS DE LO MISMO.<br \/>\nAdem\u00e1s el tamo estaba con mucho p\u00fablico y la zona de Beranga, estaba a rebosar de gente.<br \/>\nHan sabido combinar un atractivo tramo de rallyes, con una zona para el p\u00fablico en la zona del ferial de Beranga, que ha vuelto a ser un verdadero \u00e9xito de p\u00fablico.<br \/>\nEn esta \u00faltima prueba de la temporada de Rallysprint, tambi\u00e9n la gente de Beranga tra\u00eda de Directores de Carrera a dos verdaderos profesionales, como Alex Darrosa, organizador del Rallye de Llanes y de segundo a Jes\u00fas Aranda. (Valla categor\u00eda, tienen esta gente de Beranga).<br \/>\nAdem\u00e1s la prueba se realizaba en Domingo, reservando el S\u00e1bado para las verificaciones, ceremonia de Salida y dem\u00e1s menesteres, con lo que la afici\u00f3n, acud\u00eda en \u00abmasa\u00bb a la prueba.<br \/>\nEn el terreno deportivo ten\u00edamos a Jos\u00e9 Manuel Mora, Adrian Costas y Jaime San Emeterio, que estos dos \u00faltimos se \u00abjugaban el cocido\u00bb (El subcampeonato de la especialidad), mientras que Mora, estar\u00eda luchando por conseguir la prueba.<br \/>\nUna bonita lucha entre el \u00abtodo poderoso\u00bb Jos\u00e9 Manuel Mora e Iban Bajo, pero en esta ocasi\u00f3n, Costas junto a Muriedas con su nuevo C3 Rally2, consegu\u00eda unos estupendos cronos y dar emoci\u00f3n a la prueba, adem\u00e1s de conseguir el Subcampeonato de la especialidad.<br \/>\nBonita lucha a la cent\u00e9sima de segundo, de esta gente, para deleite de todo el p\u00fablico asistente.<br \/>\nTen\u00edamos por delante un bonito d\u00eda de carreras, en donde los aficionados aguantaban el frio reinante, para ver a sus pilotos.<br \/>\nCon puntualidad \u00abbrit\u00e1nica\u00bb comenzaba la primera de las pasadas denominada Jardiner\u00eda El Rubio, con un tramo, que se hab\u00eda recortado en la llegada y se hab\u00eda ampliado en la salida, para recorrer el \u00abscalextric\u00bb, junto a \u00e9l ferial de Beranga, donde mas publico se congregaba.<br \/>\nEl mejor de los cronos en esta especial, era para Jos\u00e9 Manuel Mora e Iban Bajo, que con su nuevo Skoda Fabia R5, consegu\u00eda el mejor de los registros. Comenzaba el piloto asturiano, parando el crono en 3:40,07, siendo la segunda posici\u00f3n para Jaime San Emeterio e Iv\u00e1n Bartolom\u00e9, que corr\u00edan mucho y se colocaban a tan solo TRES segundos del actual l\u00edder (3,267).<br \/>\nLa tercera posici\u00f3n en esta especial era para Adrian Costas, que con su nuevo Citro\u00ebn C3 Rally2, consegu\u00eda esta magnifica posici\u00f3n y colocarse a CINCO segundos del actual l\u00edder.<br \/>\nEsto ser\u00eda la \u00abcarta de presentaci\u00f3n de una lucha a la cent\u00e9sima de segundo\u00bb, pues la emoci\u00f3n estaba a \u00abflor de piel\u00bb.<br \/>\nMariano Lav\u00edn era el cierto clasificado, con su BMW E36, consiguiendo un crono de 3:57,37, siendo la quinta posici\u00f3n para Jos\u00e9 Luis obreg\u00f3n y Rosana Mart\u00ednez. Obreg\u00f3n consegu\u00eda un crono de 3:59,10.<br \/>\nPodemos decir, que acab\u00e1bamos de empezar y todav\u00eda quedaba \u00ablo mejor\u00bb, adem\u00e1s de mucho rallye.<br \/>\nDecir que esta especial se neutralizaba por la salida de pista de unos de los participantes, con lo que los pilotos, pasaban neutralizados, para r\u00e1pidamente, comenzar las diferentes secciones.<\/p>\n<p>Despu\u00e9s de el regreso de los equipos de Seguridad y las ambulancias, comenzaba la segunda de las pasadas en el mismo sentido. Aun m\u00e1s gente se acercaba a Beranga, para presenciar la prueba.<br \/>\nEn esta especial, el mejor de los cronos era para Costas, uno de los pilotos que se \u00abjugaba\u00bb el subcampeonato en esta prueba. Costas consegu\u00eda un crono de 3:38,063, siendo la segunda posici\u00f3n para Mora, con EL MISMO CRONO, tan solo diferenciado por 230 cent\u00e9simas de segundo. Hasta en la \u00faltima prueba del a\u00f1o, ten\u00edamos que estar, con los cronos tan ajustados, dando una emoci\u00f3n espectacular.<br \/>\nLa tercera posici\u00f3n en esta especial era para San Emeterio, que se colocaba a TRES segundos y que \u00abintentar\u00eda\u00bb mantener a \u00abel tipo\u00bb ye intentar quitar el subcampeonato de la especialidad al Patr\u00f3n de Costas Racing.<br \/>\nMarcos Diego y Mariano Lav\u00edn eran quienes ocupaban la cuarta y la quinta posici\u00f3n. Dos tracci\u00f3n traseras m\u00e1s que divertidos, volv\u00edan a brindarnos un grandioso espect\u00e1culo. Por una parte Marcos diego, con su espectacular Ford Escort MK2, que rodaba rapid\u00edsimo y consegu\u00eda esta magnifica posici\u00f3n, parando el crono en 3:54,63 y se un\u00eda a \u00abla fiesta\u00bb Mariano Lav\u00edn, espectacular y r\u00e1pido con su BME e36. Lav\u00edn consegu\u00eda parar el crono en 3:55,79.<br \/>\nAs\u00ed termin\u00e1bamos la primera secci\u00f3n de la prueba. Un reagrupamiento y posterior asistencia, para seguir con los tramos de la tarde.<br \/>\nHasta aqu\u00ed, la prueba estaba liderada por Jos\u00e9 Manuel Mora y a CINCO segundos ten\u00edamos a Adrian Costas. La tercera posici\u00f3n era para San Emeterio a SEIS segundos del l\u00edder . Quedaban dos especiales mas en sentido contrario, en donde la emoci\u00f3n, seria la t\u00f3nica dominante, nuevamente.<\/p>\n<p><!--nextpage--><\/p>\n<table class=\" alignleft\" style=\"width: 500px;\" border=\"0\" align=\"right\">\n<tbody>\n<tr>\n<td>\n<div align=\"center\"><img decoding=\"async\" src=\"https:\/\/www.cantabriarallye.net\/newcantabriarallye\/wp-content\/uploads\/2025\/pruebas2025\/praves\/perez.jpg\" \/><\/div>\n<\/td>\n<\/tr>\n<tr>\n<td>\n<div align=\"center\"><span style=\"font-family: Verdana, Arial, Helvetica, sans-serif;\">Los cl\u00e1sicos de Velocidad para Fernando e<br \/>\nIsmael P\u00e9rez.<br \/>\nFoto : CantabriaRallye.net<\/span><\/div>\n<\/td>\n<\/tr>\n<tr>\n<td>\n<div align=\"center\"><img decoding=\"async\" src=\"https:\/\/www.cantabriarallye.net\/newcantabriarallye\/wp-content\/uploads\/2025\/pruebas2025\/praves\/juan.jpg\" \/><\/div>\n<\/td>\n<\/tr>\n<tr>\n<td>\n<div align=\"center\"><span style=\"font-family: Verdana, Arial, Helvetica, sans-serif;\">El desafio Rub\u00e9n Vasco, Grupo Adelma era<br \/>\npara Juan Rodr\u00edguez.<br \/>\nFoto : CantabriaRallye.net<\/span><\/div>\n<\/td>\n<\/tr>\n<tr>\n<td>\n<div align=\"center\"><img decoding=\"async\" src=\"https:\/\/www.cantabriarallye.net\/newcantabriarallye\/wp-content\/uploads\/2025\/pruebas2025\/praves\/mariano.jpg\" \/><\/div>\n<\/td>\n<\/tr>\n<tr>\n<td>\n<div align=\"center\"><span style=\"font-family: Verdana, Arial, Helvetica, sans-serif;\">La propulsi\u00f3n y el trofeo Tracci\u00f3n Trasera<br \/>\nGrupo La Flor, era para Mariano Lav\u00edn<br \/>\nFoto : CantabriaRallye.net<\/span><\/div>\n<\/td>\n<\/tr>\n<\/tbody>\n<\/table>\n<p>Llegaban la segunda secci\u00f3n, denominada Ganader\u00eda Sope\u00f1a, en donde el mejor de los registros era para Costas. El patron de Costas Racing, con su nuevo veh\u00edculo, lo estaba hacend\u00f3 muy bien y estaba sacado la \u00abquinta esencia\u00bb al DS3 Rally2. Costas consegu\u00eda un crono de 3:37,17.<br \/>\nLa segunda posici\u00f3n era para Mora con su Skoda Fabia N5. 3:39,39 era el crono del piloto asturiano, siendo la tercera posici\u00f3n para San Emeterio, que \u00abse descolgaba un poquito\u00bb y paraba el crono en 3:47,29.<br \/>\nLa lucha por el subcampeonato, estaba llegando a unos l\u00edmites espectaculares y poquito a poquito, costas estaba recortando aun mas los tiempos finales.<br \/>\nLa cuarta posici\u00f3n era para Mariano Lav\u00edn y V\u00edctor Manuel Haro, con su BMW E36, que consegu\u00eda parar el crono en 3:57,80, siendo en esta ocasi\u00f3n la quinta posici\u00f3n para Iv\u00e1n Pelayo y Carolina Abascal. Pelayo, consegu\u00eda un crono de 3:58,90.<br \/>\nValla emoci\u00f3n que ten\u00edamos en la prueba, valla lucha de \u00abtitanes\u00bb y aun QUEDABA LO MEJOR.<br \/>\nEn la \u00faltima especial, Costas y Muriedas, boliviana correr much\u00edsimo, consiguiendo el mejor de los cronos, par\u00e1ndolo en 3:33,16. Valla carrera y valla espect\u00e1culo.<br \/>\nMora era el segundo clasificado a 2:65 cent\u00e9simas de y finalmente la diferencia entre los dos primeros clasificados TAN SOLO ERA DE 561 CENTESIMAS de segundo.<br \/>\nValla carrer\u00f3n que est\u00e1bamos presenciando, en este rallysprint de Praves.<br \/>\nLa tercera posici\u00f3n era para san Emeterio a DICISEIS segundos del actual l\u00edder del tramo, siendo de nuevo Lav\u00edn y Obreg\u00f3n, quienes volvian a conseguir la cuarta y la quinta posici\u00f3n, con unos cronos de 3:55,29 y 3:55,81.<br \/>\nFinalmente con los cronos en la Mano, Mora consegu\u00eda la victoria en el Rallysprint de Praves, siendo la segunda posici\u00f3n para Costas, estando muy pero que muy cerquita, tan solo a 561 cent\u00e9simas, siendo San Emeterio el tercer clasificado en el p\u00f3dium final.<br \/>\nEn las diferentes copas de Cantabria, destacar.<br \/>\nLos cl\u00e1sicos de Velocidad, eran para Fernando P\u00e9rez e Ismael P\u00e9rez.<br \/>\nEl desaf\u00edo Rub\u00e9n Vasco Grupo Adelma era para Juan Rodr\u00edguez y Cristian Moran, siendo la segunda posici\u00f3n para Jos\u00e9 Antonio Ezquerra e Irene Gonz\u00e1lez. Aitor Zigaran y Arkaitz Ayarza, eran los terceros clasificados.<br \/>\nLa propulsi\u00f3n y el trofeo Tracci\u00f3n trasera Grupo La Flor, reca\u00eda en los mismos pilotos, siendo la primera posici\u00f3n para Mariano Lav\u00edn y V\u00edctor Manuel Haro, siendo la segunda posici\u00f3n para Mikel Prieto y \u00c1lvaro Maza. La tercera posici\u00f3n era para Igor Uriarte y Cristian Berodia.<br \/>\nAs\u00ed terminaba una nueva edici\u00f3n de Praves, otro nuevo \u00e9xito de la escuder\u00eda Beranga competici\u00f3n.<\/p>\n<!-- AddThis Advanced Settings generic via filter on the_content --><!-- AddThis Share Buttons generic via filter on the_content -->","protected":false},"excerpt":{"rendered":"<p>Jos\u00e9 Manuel Mora e Iv\u00e1n Bajo consegu\u00edan la victoria en el Rallysprint de Praves, en donde la segunda posici\u00f3n era para Adrian Costas y \u00c1ngel Muriedas, que se colocaban muy cerca del actual l\u00edder, siendo tan solo 561 cent\u00e9simas de segundo lo que separaba a ambos. La tercera posici\u00f3n era para Jaime e Iv\u00e1n Bartolom\u00e9. [&hellip;]<!-- AddThis Advanced Settings generic via filter on wp_trim_excerpt --><!-- AddThis Share Buttons generic via filter on wp_trim_excerpt --><\/p>\n","protected":false},"author":2,"featured_media":7497,"comment_status":"closed","ping_status":"closed","sticky":false,"template":"","format":"standard","meta":{"_exactmetrics_skip_tracking":false,"_exactmetrics_sitenote_active":false,"_exactmetrics_sitenote_note":"","_exactmetrics_sitenote_category":0,"footnotes":""},"categories":[21],"tags":[],"class_list":["post-7496","post","type-post","status-publish","format-standard","has-post-thumbnail","hentry","category-c40-rallysprint"],"_links":{"self":[{"href":"https:\/\/www.cantabriarallye.net\/newcantabriarallye\/wp-json\/wp\/v2\/posts\/7496","targetHints":{"allow":["GET"]}}],"collection":[{"href":"https:\/\/www.cantabriarallye.net\/newcantabriarallye\/wp-json\/wp\/v2\/posts"}],"about":[{"href":"https:\/\/www.cantabriarallye.net\/newcantabriarallye\/wp-json\/wp\/v2\/types\/post"}],"author":[{"embeddable":true,"href":"https:\/\/www.cantabriarallye.net\/newcantabriarallye\/wp-json\/wp\/v2\/users\/2"}],"replies":[{"embeddable":true,"href":"https:\/\/www.cantabriarallye.net\/newcantabriarallye\/wp-json\/wp\/v2\/comments?post=7496"}],"version-history":[{"count":1,"href":"https:\/\/www.cantabriarallye.net\/newcantabriarallye\/wp-json\/wp\/v2\/posts\/7496\/revisions"}],"predecessor-version":[{"id":7498,"href":"https:\/\/www.cantabriarallye.net\/newcantabriarallye\/wp-json\/wp\/v2\/posts\/7496\/revisions\/7498"}],"wp:featuredmedia":[{"embeddable":true,"href":"https:\/\/www.cantabriarallye.net\/newcantabriarallye\/wp-json\/wp\/v2\/media\/7497"}],"wp:attachment":[{"href":"https:\/\/www.cantabriarallye.net\/newcantabriarallye\/wp-json\/wp\/v2\/media?parent=7496"}],"wp:term":[{"taxonomy":"category","embeddable":true,"href":"https:\/\/www.cantabriarallye.net\/newcantabriarallye\/wp-json\/wp\/v2\/categories?post=7496"},{"taxonomy":"post_tag","embeddable":true,"href":"https:\/\/www.cantabriarallye.net\/newcantabriarallye\/wp-json\/wp\/v2\/tags?post=7496"}],"curies":[{"name":"wp","href":"https:\/\/api.w.org\/{rel}","templated":true}]}}