{"id":7545,"date":"2026-01-19T12:15:00","date_gmt":"2026-01-19T10:15:00","guid":{"rendered":"https:\/\/www.cantabriarallye.net\/newcantabriarallye\/?p=7545"},"modified":"2026-01-19T00:19:59","modified_gmt":"2026-01-18T22:19:59","slug":"ruben-echevarria-campeon-copa-cm-promo-2025","status":"publish","type":"post","link":"https:\/\/www.cantabriarallye.net\/newcantabriarallye\/ruben-echevarria-campeon-copa-cm-promo-2025\/","title":{"rendered":"Rub\u00e9n Echevarr\u00eda &#8211; Campe\u00f3n Copa CM Promo 2025"},"content":{"rendered":"<p>Siguiendo con nuestra ronda de entrevistas a pilotos Campeones de la temporada 2025 en Cantabria, en esta ocasi\u00f3n, charl\u00e1bamos con Rub\u00e9n Echevarr\u00eda, campe\u00f3n de la Copa Cm Promo de Cantabria.<br \/>\nLe conoc\u00edamos tan solo de saludarlo en las carreras y en esta temporada pasada, de liderar la Copa CM Promo. Ten\u00edamos tambi\u00e9n ganas de charlar con \u00e9l y esta era la mejor opci\u00f3n. Contact\u00e1bamos con Rub\u00e9n para realizarle la entrevista a la que accedi\u00f3 gustosamente, para Charlar de Motor, que es lo que nos gusta.<br \/>\nSe realizaba una entrevista r\u00e1pida y entretenida, para despu\u00e9s tomar un refrigerio y charlar de las carreras en nuestra tradicional \u00abpost entrevista\u00bb.<br \/>\nCharlamos con Rub\u00e9n de su temporada, empezando tarde, por no tener el coche preparado, para despues como consegu\u00eda buenos resultados en el resto de pruebas y repasando tambi\u00e9n toda su temporada.<\/p>\n<table border=\"0\" align=\"center\">\n<tbody>\n<tr>\n<td width=\"190\">\n<div align=\"center\"><img decoding=\"async\" src=\"https:\/\/www.cantabriarallye.net\/newcantabriarallye\/wp-content\/uploads\/2026\/noticias\/videoimpresiones\/cmpromo\/foto.jpg\" border=\"0\" \/><\/div>\n<\/td>\n<\/tr>\n<tr>\n<td width=\"190\">\n<div align=\"center\"><span style=\"font-size: small;\">Foto:Cantabriarallye.net<\/span><\/div>\n<\/td>\n<\/tr>\n<\/tbody>\n<\/table>\n<p><!--more--><\/p>\n<p>Para esta ocasi\u00f3n, ten\u00edamos a Rub\u00e9n Echevarr\u00eda, Campe\u00f3n de Copa CM de Cantabria en la temporada 2025. Era un piloto \u00abnuevo\u00bb en nuestros estudios, pero nos pusimos a charlar y el tiempo, y la entrevista, pasaba \u00abvolando\u00bb.<br \/>\nEl tema esta que cuando estas a gusto, charlando de lo que te gusta, suele pasar eso.<br \/>\nMuy pocas tomas falsas, para ser su primera vez charlando con nosotros y la entrevista quedaba realizada, para despu\u00e9s la \u00abpost entrevista\u00bb, como solemos hacer con todos nuestros invitados.<br \/>\nDisfruten como hemos disfrutado nosotros, charlando con Rub\u00e9n Echevarr\u00eda, sobre sus carreras, planes de futuro y en general, un poco de todo.<\/p>\n<table border=\"0\" width=\"57%\" align=\"center\">\n<tbody>\n<tr>\n<td>\n<p align=\"center\">\n<\/td>\n<\/tr>\n<tr>\n<td style=\"text-align: center;\">Rub\u00e9n Echevarr\u00eda &#8211; Campe\u00f3n Copa CM Promo 2025<\/td>\n<\/tr>\n<tr>\n<td style=\"text-align: center;\">\n<div align=\"center\"><iframe loading=\"lazy\" src=\"\/\/www.youtube.com\/embed\/hVaMnCRTeIY\" width=\"560\" height=\"314\" allowfullscreen=\"allowfullscreen\"><\/iframe><\/div>\n<\/td>\n<\/tr>\n<tr>\n<td>\n<hr align=\"center\" \/>\n<p align=\"center\">\n<\/td>\n<\/tr>\n<tr>\n<td>\n<p align=\"center\">\n<\/td>\n<\/tr>\n<\/tbody>\n<\/table>\n<!-- AddThis Advanced Settings generic via filter on the_content --><!-- AddThis Share Buttons generic via filter on the_content -->","protected":false},"excerpt":{"rendered":"<p>Siguiendo con nuestra ronda de entrevistas a pilotos Campeones de la temporada 2025 en Cantabria, en esta ocasi\u00f3n, charl\u00e1bamos con Rub\u00e9n Echevarr\u00eda, campe\u00f3n de la Copa Cm Promo de Cantabria. Le conoc\u00edamos tan solo de saludarlo en las carreras y en esta temporada pasada, de liderar la Copa CM Promo. Ten\u00edamos tambi\u00e9n ganas de charlar [&hellip;]<!-- AddThis Advanced Settings generic via filter on wp_trim_excerpt --><!-- AddThis Share Buttons generic via filter on wp_trim_excerpt --><\/p>\n","protected":false},"author":2,"featured_media":7546,"comment_status":"closed","ping_status":"closed","sticky":false,"template":"","format":"standard","meta":{"_exactmetrics_skip_tracking":false,"_exactmetrics_sitenote_active":false,"_exactmetrics_sitenote_note":"","_exactmetrics_sitenote_category":0,"footnotes":""},"categories":[47],"tags":[],"class_list":["post-7545","post","type-post","status-publish","format-standard","has-post-thumbnail","hentry","category-video-impresiones"],"_links":{"self":[{"href":"https:\/\/www.cantabriarallye.net\/newcantabriarallye\/wp-json\/wp\/v2\/posts\/7545","targetHints":{"allow":["GET"]}}],"collection":[{"href":"https:\/\/www.cantabriarallye.net\/newcantabriarallye\/wp-json\/wp\/v2\/posts"}],"about":[{"href":"https:\/\/www.cantabriarallye.net\/newcantabriarallye\/wp-json\/wp\/v2\/types\/post"}],"author":[{"embeddable":true,"href":"https:\/\/www.cantabriarallye.net\/newcantabriarallye\/wp-json\/wp\/v2\/users\/2"}],"replies":[{"embeddable":true,"href":"https:\/\/www.cantabriarallye.net\/newcantabriarallye\/wp-json\/wp\/v2\/comments?post=7545"}],"version-history":[{"count":1,"href":"https:\/\/www.cantabriarallye.net\/newcantabriarallye\/wp-json\/wp\/v2\/posts\/7545\/revisions"}],"predecessor-version":[{"id":7547,"href":"https:\/\/www.cantabriarallye.net\/newcantabriarallye\/wp-json\/wp\/v2\/posts\/7545\/revisions\/7547"}],"wp:featuredmedia":[{"embeddable":true,"href":"https:\/\/www.cantabriarallye.net\/newcantabriarallye\/wp-json\/wp\/v2\/media\/7546"}],"wp:attachment":[{"href":"https:\/\/www.cantabriarallye.net\/newcantabriarallye\/wp-json\/wp\/v2\/media?parent=7545"}],"wp:term":[{"taxonomy":"category","embeddable":true,"href":"https:\/\/www.cantabriarallye.net\/newcantabriarallye\/wp-json\/wp\/v2\/categories?post=7545"},{"taxonomy":"post_tag","embeddable":true,"href":"https:\/\/www.cantabriarallye.net\/newcantabriarallye\/wp-json\/wp\/v2\/tags?post=7545"}],"curies":[{"name":"wp","href":"https:\/\/api.w.org\/{rel}","templated":true}]}}