{"id":7548,"date":"2026-01-26T12:15:00","date_gmt":"2026-01-26T10:15:00","guid":{"rendered":"https:\/\/www.cantabriarallye.net\/newcantabriarallye\/?p=7548"},"modified":"2026-01-26T00:41:48","modified_gmt":"2026-01-25T22:41:48","slug":"ivan-fernandez-campeon-copa-junior-de-montana-2025","status":"publish","type":"post","link":"https:\/\/www.cantabriarallye.net\/newcantabriarallye\/ivan-fernandez-campeon-copa-junior-de-montana-2025\/","title":{"rendered":"Iv\u00e1n Fern\u00e1ndez &#8211; Campe\u00f3n Copa Junior de Monta\u00f1a 2025"},"content":{"rendered":"<p>Siguiendo con la monta\u00f1a de Cantabria, para esta ocasi\u00f3n nos visitaba en nuestros estudios del Alto de Malia\u00f1o Iv\u00e1n Fern\u00e1ndez, campe\u00f3n Junior de Monta\u00f1a.<br \/>\nEl joven piloto en su \u00abdebut\u00bb en competici\u00f3n, ha conseguido liderar esta categor\u00eda con su BRC \u00abCarrering\u00bb, una apuesta de un coche de carreras \u00abdiferente\u00bb.<br \/>\nCharlamos de todas sus pruebas, dando un repaso a las mismas, as\u00ed como varios proyectos que tiene en mente. Tambi\u00e9n, en esta entrevista, ten\u00edamos a Juan Carlos Fern\u00e1ndez, \u00abel telef\u00f3nico\u00bb que hace una peque\u00f1a aparici\u00f3n, pues el \u00abtelef\u00f3nico\u00bb como todos le conocemos en Cantabria es el Team Manager del equipo.<\/p>\n<table border=\"0\" align=\"center\">\n<tbody>\n<tr>\n<td width=\"190\">\n<div align=\"center\"><img decoding=\"async\" src=\"https:\/\/www.cantabriarallye.net\/newcantabriarallye\/wp-content\/uploads\/2026\/noticias\/videoimpresiones\/junior\/foto.jpg\" border=\"0\" \/><\/div>\n<\/td>\n<\/tr>\n<tr>\n<td width=\"190\">\n<div align=\"center\"><span style=\"font-size: small;\">Foto:Cantabriarallye.net<\/span><\/div>\n<\/td>\n<\/tr>\n<\/tbody>\n<\/table>\n<p><!--more--><\/p>\n<p>Para esta ocasi\u00f3n, ten\u00edamos a Iv\u00e1n Fern\u00e1ndez, el Joven que en su primera toma de contacto con la competici\u00f3n, ha conseguido el Campeonato Junior de Monta\u00f1a.<br \/>\nTambi\u00e9n decir que Iv\u00e1n, era \u00abnuevo\u00bb en nuestros estudios, pero nos pusimos a charlar y el tiempo, y la entrevista, pasaba \u00abvolando\u00bb.<br \/>\nClaro, de p\u00fablico, ten\u00edamos a Juan Carlos Fern\u00e1ndez, padre de Iv\u00e1n y Team Manager del equipo, al que sentamos a la mesa, en la parte final de la entrevista.<br \/>\nMuchas risas, un muy buen rollito, como suelen ser estar video entrevistas, pues si no te diviertes, en lo que haces, lo mejor es dejarlo&#8230;.pero ya, despu\u00e9s de 25 a\u00f1os en las carreras, esto \u00faltimo no es una opci\u00f3n.<br \/>\nSe nos fue un poco la entrevista de las manos, cuando aparec\u00eda Juan Carlos Fern\u00e1ndez, pues no nos dejaba hablar (ya le conocemos todos).<br \/>\nDespu\u00e9s la \u00abpost entrevista\u00bb, como solemos hacer con todos nuestros invitados, finalizaba el d\u00eda.<br \/>\nDisfruten como hemos disfrutado nosotros, charlando con Iv\u00e1n Fern\u00e1ndez y tambi\u00e9n con Juan Carlos Fern\u00e1ndez, sobre sus carreras, planes de futuro y en general, un poco de todo.<\/p>\n<table border=\"0\" width=\"57%\" align=\"center\">\n<tbody>\n<tr>\n<td>\n<p align=\"center\">\n<\/td>\n<\/tr>\n<tr>\n<td style=\"text-align: center;\">Iv\u00e1n Fern\u00e1ndez &#8211; Campe\u00f3n Copa Junior de Monta\u00f1a 2025<\/td>\n<\/tr>\n<tr>\n<td style=\"text-align: center;\">\n<div align=\"center\"><iframe loading=\"lazy\" src=\"\/\/www.youtube.com\/embed\/WoE-n5ajhbk\" width=\"560\" height=\"314\" allowfullscreen=\"allowfullscreen\"><\/iframe><\/div>\n<\/td>\n<\/tr>\n<tr>\n<td>\n<hr align=\"center\" \/>\n<p align=\"center\">\n<\/td>\n<\/tr>\n<tr>\n<td>\n<p align=\"center\">\n<\/td>\n<\/tr>\n<\/tbody>\n<\/table>\n<!-- AddThis Advanced Settings generic via filter on the_content --><!-- AddThis Share Buttons generic via filter on the_content -->","protected":false},"excerpt":{"rendered":"<p>Siguiendo con la monta\u00f1a de Cantabria, para esta ocasi\u00f3n nos visitaba en nuestros estudios del Alto de Malia\u00f1o Iv\u00e1n Fern\u00e1ndez, campe\u00f3n Junior de Monta\u00f1a. El joven piloto en su \u00abdebut\u00bb en competici\u00f3n, ha conseguido liderar esta categor\u00eda con su BRC \u00abCarrering\u00bb, una apuesta de un coche de carreras \u00abdiferente\u00bb. Charlamos de todas sus pruebas, dando [&hellip;]<!-- AddThis Advanced Settings generic via filter on wp_trim_excerpt --><!-- AddThis Share Buttons generic via filter on wp_trim_excerpt --><\/p>\n","protected":false},"author":2,"featured_media":7549,"comment_status":"closed","ping_status":"closed","sticky":false,"template":"","format":"standard","meta":{"_exactmetrics_skip_tracking":false,"_exactmetrics_sitenote_active":false,"_exactmetrics_sitenote_note":"","_exactmetrics_sitenote_category":0,"footnotes":""},"categories":[47],"tags":[],"class_list":["post-7548","post","type-post","status-publish","format-standard","has-post-thumbnail","hentry","category-video-impresiones"],"_links":{"self":[{"href":"https:\/\/www.cantabriarallye.net\/newcantabriarallye\/wp-json\/wp\/v2\/posts\/7548","targetHints":{"allow":["GET"]}}],"collection":[{"href":"https:\/\/www.cantabriarallye.net\/newcantabriarallye\/wp-json\/wp\/v2\/posts"}],"about":[{"href":"https:\/\/www.cantabriarallye.net\/newcantabriarallye\/wp-json\/wp\/v2\/types\/post"}],"author":[{"embeddable":true,"href":"https:\/\/www.cantabriarallye.net\/newcantabriarallye\/wp-json\/wp\/v2\/users\/2"}],"replies":[{"embeddable":true,"href":"https:\/\/www.cantabriarallye.net\/newcantabriarallye\/wp-json\/wp\/v2\/comments?post=7548"}],"version-history":[{"count":1,"href":"https:\/\/www.cantabriarallye.net\/newcantabriarallye\/wp-json\/wp\/v2\/posts\/7548\/revisions"}],"predecessor-version":[{"id":7550,"href":"https:\/\/www.cantabriarallye.net\/newcantabriarallye\/wp-json\/wp\/v2\/posts\/7548\/revisions\/7550"}],"wp:featuredmedia":[{"embeddable":true,"href":"https:\/\/www.cantabriarallye.net\/newcantabriarallye\/wp-json\/wp\/v2\/media\/7549"}],"wp:attachment":[{"href":"https:\/\/www.cantabriarallye.net\/newcantabriarallye\/wp-json\/wp\/v2\/media?parent=7548"}],"wp:term":[{"taxonomy":"category","embeddable":true,"href":"https:\/\/www.cantabriarallye.net\/newcantabriarallye\/wp-json\/wp\/v2\/categories?post=7548"},{"taxonomy":"post_tag","embeddable":true,"href":"https:\/\/www.cantabriarallye.net\/newcantabriarallye\/wp-json\/wp\/v2\/tags?post=7548"}],"curies":[{"name":"wp","href":"https:\/\/api.w.org\/{rel}","templated":true}]}}