{"id":7584,"date":"2026-03-16T12:15:00","date_gmt":"2026-03-16T10:15:00","guid":{"rendered":"https:\/\/www.cantabriarallye.net\/newcantabriarallye\/?p=7584"},"modified":"2026-03-15T21:39:51","modified_gmt":"2026-03-15T19:39:51","slug":"los-ilustres-video-entrevista-javi-carbajo","status":"publish","type":"post","link":"https:\/\/www.cantabriarallye.net\/newcantabriarallye\/los-ilustres-video-entrevista-javi-carbajo\/","title":{"rendered":"Los Ilustres, Video-Entrevista &#8211; Javi Carbajo"},"content":{"rendered":"<p>Retomamos nuestra secci\u00f3n de \u00abIlustres\u00bb de Cantabria, pero para esta ocasi\u00f3n, nos vamos a centrar en un Co-Piloto Ilustre de Cantabria. Nuestro invitado es Javi Carbajo, co-piloto del desaparecido Capi Saiz y que ya en alguna ocasi\u00f3n, charlando con \u00e9l, le comente la idea.<br \/>\nTenemos mucho pilotos ilustres de Cantabria y co-pilotos, TAMBIEN, as\u00ed que se puede decir que \u00ababrimos\u00bb un nuevo \u00abmel\u00f3n\u00bb, con estas entrevistas a los co-pilotos, que tambi\u00e9n son m\u00e1s que necesarios y fundamentales en los Rallyes. Tambi\u00e9n decir que otra cosa no tendremos, pero Co-pilotos Ilustres, hay un mont\u00f3n.<br \/>\nQuiero reiterar la falta de tiempo, para traer a mas pilotos y co-pilotos ilustres de Cantabria, pero poco a poco a poco lo estamos consiguiendo.<\/p>\n<table border=\"0\" align=\"center\">\n<tbody>\n<tr>\n<td colspan=\"1\" rowspan=\"1\">\n<p align=\"center\"><img decoding=\"async\" src=\"https:\/\/www.cantabriarallye.net\/newcantabriarallye\/wp-content\/uploads\/2026\/noticias\/ilustres\/carbajo\/portada.jpg\" \/><\/p>\n<\/td>\n<\/tr>\n<tr>\n<td colspan=\"1\" rowspan=\"1\">\n<p align=\"center\"><span style=\"font-size: small;\">Foto: Cantabriarallye.net<\/span><\/p>\n<\/td>\n<\/tr>\n<\/tbody>\n<\/table>\n<p><!--more--><\/p>\n<p>Otro Ilustre del motor, nos visitaba en nuestros Estudios del Alto de Malia\u00f1o. En esta ocasi\u00f3n era Javi Carbajo, co-piloto del desaparecido Capi Saiz y con el que \u00abcomenzamos\u00bb esta nueva aventura.<br \/>\nYa tenemos a alg\u00fan otro copiloto Ilustre \u00abfichado\u00bb, con el que seguiremos en nuestras entrevistas, realizando la misma de una manera diferente, sin ataduras y charlando de todo un poco.<br \/>\nDisfrutamos mucho con Javi Carbajo, prepar\u00e1ndola y despu\u00e9s charlando, con el pues nos hemos re\u00eddo mucho y eso es lo importante.<\/p>\n<p>Poco a poco y con buena letra, intentaremos traerles a muchos mas a nuestros estudios del Alto de Malia\u00f1o, para repasar su historia.<\/p>\n<h1 style=\"text-align: center;\"><strong>VIDEO-ENTREVISTAS \u00abLOS ILUSTRES\u00bb<\/strong><\/h1>\n<table border=\"0\" width=\"57%\" align=\"center\">\n<tbody>\n<tr>\n<td colspan=\"1\" rowspan=\"1\">\n<p align=\"center\">Javi Carbajo, co-piloto de Rallyes<\/p>\n<\/td>\n<\/tr>\n<tr>\n<td colspan=\"1\" rowspan=\"1\">\n<p align=\"center\"><iframe loading=\"lazy\" src=\"\/\/www.youtube.com\/embed\/X7VRVLM4gdg?t\" width=\"560\" height=\"314\" allowfullscreen=\"allowfullscreen\"><\/iframe><\/p>\n<\/td>\n<\/tr>\n<tr>\n<td colspan=\"1\" rowspan=\"1\">\n<hr align=\"center\" \/>\n<\/td>\n<\/tr>\n<tr>\n<td colspan=\"1\" rowspan=\"1\">\n<p align=\"center\"><a href=\"http:\/\/carpinteriabenjamin.com\/carpinteria.htm\"><img decoding=\"async\" src=\"\/fotos17\/noticias\/varios\/benjamin.jpg\" border=\"0\" \/><\/a><\/p>\n<\/td>\n<\/tr>\n<tr>\n<td colspan=\"1\" rowspan=\"1\">\n<p align=\"center\">\n<\/td>\n<\/tr>\n<\/tbody>\n<\/table>\n<!-- AddThis Advanced Settings generic via filter on the_content --><!-- AddThis Share Buttons generic via filter on the_content -->","protected":false},"excerpt":{"rendered":"<p>Retomamos nuestra secci\u00f3n de \u00abIlustres\u00bb de Cantabria, pero para esta ocasi\u00f3n, nos vamos a centrar en un Co-Piloto Ilustre de Cantabria. Nuestro invitado es Javi Carbajo, co-piloto del desaparecido Capi Saiz y que ya en alguna ocasi\u00f3n, charlando con \u00e9l, le comente la idea. Tenemos mucho pilotos ilustres de Cantabria y co-pilotos, TAMBIEN, as\u00ed que [&hellip;]<!-- AddThis Advanced Settings generic via filter on wp_trim_excerpt --><!-- AddThis Share Buttons generic via filter on wp_trim_excerpt --><\/p>\n","protected":false},"author":2,"featured_media":7585,"comment_status":"closed","ping_status":"closed","sticky":false,"template":"","format":"standard","meta":{"_exactmetrics_skip_tracking":false,"_exactmetrics_sitenote_active":false,"_exactmetrics_sitenote_note":"","_exactmetrics_sitenote_category":0,"footnotes":""},"categories":[56],"tags":[],"class_list":["post-7584","post","type-post","status-publish","format-standard","has-post-thumbnail","hentry","category-ilustres"],"_links":{"self":[{"href":"https:\/\/www.cantabriarallye.net\/newcantabriarallye\/wp-json\/wp\/v2\/posts\/7584","targetHints":{"allow":["GET"]}}],"collection":[{"href":"https:\/\/www.cantabriarallye.net\/newcantabriarallye\/wp-json\/wp\/v2\/posts"}],"about":[{"href":"https:\/\/www.cantabriarallye.net\/newcantabriarallye\/wp-json\/wp\/v2\/types\/post"}],"author":[{"embeddable":true,"href":"https:\/\/www.cantabriarallye.net\/newcantabriarallye\/wp-json\/wp\/v2\/users\/2"}],"replies":[{"embeddable":true,"href":"https:\/\/www.cantabriarallye.net\/newcantabriarallye\/wp-json\/wp\/v2\/comments?post=7584"}],"version-history":[{"count":1,"href":"https:\/\/www.cantabriarallye.net\/newcantabriarallye\/wp-json\/wp\/v2\/posts\/7584\/revisions"}],"predecessor-version":[{"id":7586,"href":"https:\/\/www.cantabriarallye.net\/newcantabriarallye\/wp-json\/wp\/v2\/posts\/7584\/revisions\/7586"}],"wp:featuredmedia":[{"embeddable":true,"href":"https:\/\/www.cantabriarallye.net\/newcantabriarallye\/wp-json\/wp\/v2\/media\/7585"}],"wp:attachment":[{"href":"https:\/\/www.cantabriarallye.net\/newcantabriarallye\/wp-json\/wp\/v2\/media?parent=7584"}],"wp:term":[{"taxonomy":"category","embeddable":true,"href":"https:\/\/www.cantabriarallye.net\/newcantabriarallye\/wp-json\/wp\/v2\/categories?post=7584"},{"taxonomy":"post_tag","embeddable":true,"href":"https:\/\/www.cantabriarallye.net\/newcantabriarallye\/wp-json\/wp\/v2\/tags?post=7584"}],"curies":[{"name":"wp","href":"https:\/\/api.w.org\/{rel}","templated":true}]}}