{"id":7620,"date":"2026-04-27T12:15:00","date_gmt":"2026-04-27T10:15:00","guid":{"rendered":"https:\/\/www.cantabriarallye.net\/newcantabriarallye\/?p=7620"},"modified":"2026-04-26T15:01:34","modified_gmt":"2026-04-26T13:01:34","slug":"rallysprint-escobedo-arce-2026-video-entrevistas","status":"publish","type":"post","link":"https:\/\/www.cantabriarallye.net\/newcantabriarallye\/rallysprint-escobedo-arce-2026-video-entrevistas\/","title":{"rendered":"Rallysprint Escobedo &#8211; Arce 2026 &#8211; Video entrevistas."},"content":{"rendered":"<p>Comienza la temporada de Rallysprint en Cantabria, con la disputa el pr\u00f3ximo 2 de Mayo, del Rallysprint Escobedo-Arce, memorial Manu Blanco y Rub\u00e9n Saiz.<br \/>\nPara hablarnos de la prueba, ten\u00edamos en nuestros Estudios del alto de Malia\u00f1o a Nuria San Miguel y Rebeca Revuelta, que est\u00e1n dentro del comit\u00e9 Organizador de la prueba.<br \/>\ncharlamos de las novedades de la nueva edici\u00f3n, que var\u00eda en horarios un poquito, referente al a\u00f1o pasado, as\u00ed como la seguridad de la prueba.<br \/>\nMucho trabajo para sacar esta prueba adelante, siendo en memoria de Manu Blanco y de Rub\u00e9n Saiz, que sin duda, estar\u00e1n con todos nosotros en esta prueba en su memoria.<\/p>\n<table border=\"0\" align=\"center\">\n<tbody>\n<tr>\n<td width=\"190\">\n<div align=\"center\"><img decoding=\"async\" src=\"https:\/\/www.cantabriarallye.net\/newcantabriarallye\/wp-content\/uploads\/2026\/noticias\/videoimpresiones\/arce\/portada.jpg\" border=\"0\" \/><\/div>\n<\/td>\n<\/tr>\n<tr>\n<td width=\"190\">\n<div align=\"center\"><span style=\"font-size: small;\">Foto:Cantabriarallye.net<\/span><\/div>\n<\/td>\n<\/tr>\n<\/tbody>\n<\/table>\n<p><!--more--><\/p>\n<p>Nuria San Miguel y Rebeca Revuelta, nos visitaban en nuestros estudios del Alto de Malia\u00f1o.<br \/>\ncharlamos del tramo, de la seguridad y en general un poco \u00abde todo\u00bb de esta prueba que es en memoria de Manu Blanco y Rub\u00e9n Saiz.<br \/>\nEl Bar Tino de Escobedo, ser\u00e1 el centro neur\u00e1lgico de la prueba, en donde ya se realizo la presentaci\u00f3n recientemente y que fue un verdadero \u00e9xito de p\u00fablico.<br \/>\nLa primera prueba de Rallysprint ya esta aqu\u00ed, con el Rallysprint Escobedo Arce, el pr\u00f3ximo 2 de Mayo.<\/p>\n<table border=\"0\" width=\"57%\" align=\"center\">\n<tbody>\n<tr>\n<td>\n<p align=\"center\">Nuria San Miguel y Rebeca Revuelta &#8211; Rallysprint Escobedo-Arce<\/p>\n<\/td>\n<\/tr>\n<tr>\n<td style=\"text-align: center;\"><\/td>\n<\/tr>\n<tr>\n<td style=\"text-align: center;\">\n<div align=\"center\"><iframe loading=\"lazy\" src=\"\/\/www.youtube.com\/embed\/wlZ4gUHYsNo\" width=\"560\" height=\"314\" allowfullscreen=\"allowfullscreen\"><\/iframe><\/div>\n<\/td>\n<\/tr>\n<tr>\n<td>\n<hr align=\"center\" \/>\n<p align=\"center\">\n<\/td>\n<\/tr>\n<tr>\n<td>\n<p align=\"center\">\n<\/td>\n<\/tr>\n<\/tbody>\n<\/table>\n<!-- AddThis Advanced Settings generic via filter on the_content --><!-- AddThis Share Buttons generic via filter on the_content -->","protected":false},"excerpt":{"rendered":"<p>Comienza la temporada de Rallysprint en Cantabria, con la disputa el pr\u00f3ximo 2 de Mayo, del Rallysprint Escobedo-Arce, memorial Manu Blanco y Rub\u00e9n Saiz. Para hablarnos de la prueba, ten\u00edamos en nuestros Estudios del alto de Malia\u00f1o a Nuria San Miguel y Rebeca Revuelta, que est\u00e1n dentro del comit\u00e9 Organizador de la prueba. charlamos de [&hellip;]<!-- AddThis Advanced Settings generic via filter on wp_trim_excerpt --><!-- AddThis Share Buttons generic via filter on wp_trim_excerpt --><\/p>\n","protected":false},"author":2,"featured_media":7621,"comment_status":"closed","ping_status":"closed","sticky":false,"template":"","format":"standard","meta":{"_exactmetrics_skip_tracking":false,"_exactmetrics_sitenote_active":false,"_exactmetrics_sitenote_note":"","_exactmetrics_sitenote_category":0,"footnotes":""},"categories":[47],"tags":[],"class_list":["post-7620","post","type-post","status-publish","format-standard","has-post-thumbnail","hentry","category-video-impresiones"],"_links":{"self":[{"href":"https:\/\/www.cantabriarallye.net\/newcantabriarallye\/wp-json\/wp\/v2\/posts\/7620","targetHints":{"allow":["GET"]}}],"collection":[{"href":"https:\/\/www.cantabriarallye.net\/newcantabriarallye\/wp-json\/wp\/v2\/posts"}],"about":[{"href":"https:\/\/www.cantabriarallye.net\/newcantabriarallye\/wp-json\/wp\/v2\/types\/post"}],"author":[{"embeddable":true,"href":"https:\/\/www.cantabriarallye.net\/newcantabriarallye\/wp-json\/wp\/v2\/users\/2"}],"replies":[{"embeddable":true,"href":"https:\/\/www.cantabriarallye.net\/newcantabriarallye\/wp-json\/wp\/v2\/comments?post=7620"}],"version-history":[{"count":2,"href":"https:\/\/www.cantabriarallye.net\/newcantabriarallye\/wp-json\/wp\/v2\/posts\/7620\/revisions"}],"predecessor-version":[{"id":7624,"href":"https:\/\/www.cantabriarallye.net\/newcantabriarallye\/wp-json\/wp\/v2\/posts\/7620\/revisions\/7624"}],"wp:featuredmedia":[{"embeddable":true,"href":"https:\/\/www.cantabriarallye.net\/newcantabriarallye\/wp-json\/wp\/v2\/media\/7621"}],"wp:attachment":[{"href":"https:\/\/www.cantabriarallye.net\/newcantabriarallye\/wp-json\/wp\/v2\/media?parent=7620"}],"wp:term":[{"taxonomy":"category","embeddable":true,"href":"https:\/\/www.cantabriarallye.net\/newcantabriarallye\/wp-json\/wp\/v2\/categories?post=7620"},{"taxonomy":"post_tag","embeddable":true,"href":"https:\/\/www.cantabriarallye.net\/newcantabriarallye\/wp-json\/wp\/v2\/tags?post=7620"}],"curies":[{"name":"wp","href":"https:\/\/api.w.org\/{rel}","templated":true}]}}