{"id":7633,"date":"2026-04-30T12:15:00","date_gmt":"2026-04-30T10:15:00","guid":{"rendered":"https:\/\/www.cantabriarallye.net\/newcantabriarallye\/?p=7633"},"modified":"2026-04-29T21:28:59","modified_gmt":"2026-04-29T19:28:59","slug":"nuevo-exito-de-la-feria-de-la-moto-clasica-de-castaneda","status":"publish","type":"post","link":"https:\/\/www.cantabriarallye.net\/newcantabriarallye\/nuevo-exito-de-la-feria-de-la-moto-clasica-de-castaneda\/","title":{"rendered":"Nuevo \u00c9xito de la Feria de la Moto Cl\u00e1sica de Casta\u00f1eda"},"content":{"rendered":"<p>La XX edici\u00f3n de la feria de la moto cl\u00e1sica de Casta\u00f1eda, se celebraba recientemente con un \u00e9xito arrollador. Nuevamente el pabell\u00f3n de Villaba\u00f1ez era el lugar para la exposici\u00f3n de motos cl\u00e1sicas que Javi Lorenzo (Javi el de Penagos), volv\u00eda a preparar para todos nosotros.<br \/>\nMuchos expositores, mucho m\u00e1s espacio y tambi\u00e9n cientos de motos expuestas en esta feria de la moto cl\u00e1sica, que es de las m\u00e1s fuertes de Espa\u00f1a.<br \/>\nTenemos que decir que la XX edici\u00f3n de la feria ha sido un gran \u00e9xito y como nos dec\u00eda Javi, en nuestra entrevista, cada a\u00f1o trata de sorprendernos y en esta temporada, aun mas.<\/p>\n<table border=\"0\" align=\"center\">\n<tbody>\n<tr>\n<td>\n<div align=\"center\"><img decoding=\"async\" src=\"https:\/\/www.cantabriarallye.net\/newcantabriarallye\/wp-content\/uploads\/2026\/clasicos\/motoclasica\/portada.jpg\" \/><\/div>\n<\/td>\n<\/tr>\n<tr>\n<td>\n<div align=\"center\">Foto:Cantabriarallye.net<\/div>\n<\/td>\n<\/tr>\n<\/tbody>\n<\/table>\n<p><!--more--><\/p>\n<p>Tres d\u00edas de Motos y de motor para los aficionados a las dos ruedas, que se daban cita en Casta\u00f1eda. En esta ocasi\u00f3n Javi nos dec\u00eda que se ha ampliado el lugar de exposici\u00f3n, con una carpa aleda\u00f1a y descongestionaba el interior.<\/p>\n<p>Tenemos que decir, que los pasillos eran mucho m\u00e1s grandes, los expositores, cada vez con mejor material y en general, un \u00abculto\u00bb a las dos ruedas, que pone de manifiesto, la gran afici\u00f3n a la moto cl\u00e1sica.<br \/>\nEspect\u00e1culo sin igual, de esta \u00abfiesta motera\u00bb que pone por unos d\u00edas a Casta\u00f1eda en el mapa y concretamente el magnifico pabell\u00f3n polideportivo de Villaba\u00f1ez.<\/p>\n<table border=\"0\" align=\"center\">\n<tbody>\n<tr>\n<td>\n<div align=\"center\"><img decoding=\"async\" src=\"https:\/\/www.cantabriarallye.net\/newcantabriarallye\/wp-content\/uploads\/2026\/clasicos\/motoclasica\/uno.jpg\" \/><\/div>\n<\/td>\n<\/tr>\n<tr>\n<td>\n<div align=\"center\">Foto:Cantabriarallye.net<\/div>\n<\/td>\n<\/tr>\n<\/tbody>\n<\/table>\n<p><b>Inauguraci\u00f3n m\u00e1s que especial<\/b><br \/>\nPara esta ocasi\u00f3n, era m\u00e1s que especial, pues Javi, nos dice que siempre inaugura la feria con un Cuadro, pero en esta ocasi\u00f3n fueron DOS. La pintora habitual, no pod\u00eda estar, pero le dejaba \u00abel encargo\u00bb a otra gran pintora y compa\u00f1era. otra cosa no, pero en Cantabria, tenemos artistas para \u00abregalar\u00bb.<\/p>\n<p>Tambi\u00e9n este \u00abcuadro especial\u00bb se descubr\u00eda en la feria, para dar por inaugurada la misma.<br \/>\nComo dec\u00edamos anteriormente, en esta ocasi\u00f3n eran dos cuadros \u00abmoteros\u00bb a cada cual mejor y m\u00e1s representativos.<\/p>\n<table border=\"0\" align=\"center\">\n<tbody>\n<tr>\n<td>\n<div align=\"center\"><img decoding=\"async\" src=\"https:\/\/www.cantabriarallye.net\/newcantabriarallye\/wp-content\/uploads\/2026\/clasicos\/motoclasica\/dos.jpg\" \/><\/div>\n<\/td>\n<\/tr>\n<tr>\n<td>\n<div align=\"center\">Foto:Cantabriarallye.net<\/div>\n<\/td>\n<\/tr>\n<\/tbody>\n<\/table>\n<p><b>Las Joyas de la Exposici\u00f3n.<\/b><br \/>\nLa pasada temporada la exposici\u00f3n fue de D\u00fachate y en esta ocasi\u00f3n, la exposici\u00f3n era de \u00abMoto Guci\u00bb que sin duda era el plato fuerte de la exposici\u00f3n.<br \/>\nTambi\u00e9n algunas motos mas que \u00abraras\u00bb y antiguas, que SOLO est\u00e1n en la feria de la moto cl\u00e1sica de Casta\u00f1eda.<\/p>\n<table border=\"0\" align=\"center\">\n<tbody>\n<tr>\n<td>\n<div align=\"center\"><img decoding=\"async\" src=\"https:\/\/www.cantabriarallye.net\/newcantabriarallye\/wp-content\/uploads\/2026\/clasicos\/motoclasica\/tres.jpg\" \/><\/div>\n<\/td>\n<\/tr>\n<tr>\n<td>\n<div align=\"center\">Foto:Cantabriarallye.net<\/div>\n<\/td>\n<\/tr>\n<\/tbody>\n<\/table>\n<p><b>Viernes, s\u00e1bado y Domingo, saben a \u00abpoco\u00bb.<\/b><br \/>\nEl viernes se inauguraba la exposici\u00f3n con todo colocadito y los expositores, que son legi\u00f3n, tambi\u00e9n preparando sus Stand.<br \/>\nPodemos decir que cada vez tenemos m\u00e1s calidad en el repuesto de la moto cl\u00e1sica de Casta\u00f1eda, los expositores son cada vez m\u00e1s fuertes y con mas recambios, para satisfacer a coleccionista m\u00e1s exigente, en el mundo de las dos ruedas.<\/p>\n<table border=\"0\" align=\"center\">\n<tbody>\n<tr>\n<td>\n<div align=\"center\"><img decoding=\"async\" src=\"https:\/\/www.cantabriarallye.net\/newcantabriarallye\/wp-content\/uploads\/2026\/clasicos\/motoclasica\/cuatro.jpg\" \/><\/div>\n<\/td>\n<\/tr>\n<tr>\n<td>\n<div align=\"center\">Foto:Cantabriarallye.net<\/div>\n<\/td>\n<\/tr>\n<\/tbody>\n<\/table>\n<table border=\"0\" align=\"center\">\n<tbody>\n<tr>\n<td>\n<div align=\"center\"><img decoding=\"async\" src=\"https:\/\/www.cantabriarallye.net\/newcantabriarallye\/wp-content\/uploads\/2026\/clasicos\/motoclasica\/cinco.jpg\" \/><\/div>\n<\/td>\n<\/tr>\n<tr>\n<td>\n<div align=\"center\">Foto:Cantabriarallye.net<\/div>\n<\/td>\n<\/tr>\n<\/tbody>\n<\/table>\n<p>Lo \u00abvintage\u00bb est\u00e1 de moda y con las motos mucho mas y la feria exposici\u00f3n de Casta\u00f1eda, es \u00fanica en el norte de Espa\u00f1a.<br \/>\nEl domingo, ya con mucha pena, se cierra la feria a las 15:00 horas, pues todos tienen que volver a sus lugares de residencia y el pabell\u00f3n, tiene que quedar listo.<br \/>\nahora tan solo a pensar en la siguiente edici\u00f3n de la feria de la moto cl\u00e1sica de Casta\u00f1eda, que seguros estamos que Javi Lorenzo, ya est\u00e1 pensando en ella.<\/p>\n<table border=\"0\" align=\"center\">\n<tbody>\n<tr>\n<td>\n<div align=\"center\"><img decoding=\"async\" src=\"https:\/\/www.cantabriarallye.net\/newcantabriarallye\/wp-content\/uploads\/2026\/clasicos\/motoclasica\/seis.jpg\" \/><\/div>\n<\/td>\n<\/tr>\n<tr>\n<td>\n<div align=\"center\">Foto:Cantabriarallye.net<\/div>\n<\/td>\n<\/tr>\n<\/tbody>\n<\/table>\n<table border=\"0\" align=\"center\">\n<tbody>\n<tr>\n<td>\n<div align=\"center\"><img decoding=\"async\" src=\"https:\/\/www.cantabriarallye.net\/newcantabriarallye\/wp-content\/uploads\/2026\/clasicos\/motoclasica\/siete.jpg\" \/><\/div>\n<\/td>\n<\/tr>\n<tr>\n<td>\n<div align=\"center\">Foto:Cantabriarallye.net<\/div>\n<\/td>\n<\/tr>\n<\/tbody>\n<\/table>\n<!-- AddThis Advanced Settings generic via filter on the_content --><!-- AddThis Share Buttons generic via filter on the_content -->","protected":false},"excerpt":{"rendered":"<p>La XX edici\u00f3n de la feria de la moto cl\u00e1sica de Casta\u00f1eda, se celebraba recientemente con un \u00e9xito arrollador. Nuevamente el pabell\u00f3n de Villaba\u00f1ez era el lugar para la exposici\u00f3n de motos cl\u00e1sicas que Javi Lorenzo (Javi el de Penagos), volv\u00eda a preparar para todos nosotros. Muchos expositores, mucho m\u00e1s espacio y tambi\u00e9n cientos de [&hellip;]<!-- AddThis Advanced Settings generic via filter on wp_trim_excerpt --><!-- AddThis Share Buttons generic via filter on wp_trim_excerpt --><\/p>\n","protected":false},"author":2,"featured_media":7634,"comment_status":"closed","ping_status":"closed","sticky":false,"template":"","format":"standard","meta":{"_exactmetrics_skip_tracking":false,"_exactmetrics_sitenote_active":false,"_exactmetrics_sitenote_note":"","_exactmetrics_sitenote_category":0,"footnotes":""},"categories":[25],"tags":[],"class_list":["post-7633","post","type-post","status-publish","format-standard","has-post-thumbnail","hentry","category-c44-clasicos"],"_links":{"self":[{"href":"https:\/\/www.cantabriarallye.net\/newcantabriarallye\/wp-json\/wp\/v2\/posts\/7633","targetHints":{"allow":["GET"]}}],"collection":[{"href":"https:\/\/www.cantabriarallye.net\/newcantabriarallye\/wp-json\/wp\/v2\/posts"}],"about":[{"href":"https:\/\/www.cantabriarallye.net\/newcantabriarallye\/wp-json\/wp\/v2\/types\/post"}],"author":[{"embeddable":true,"href":"https:\/\/www.cantabriarallye.net\/newcantabriarallye\/wp-json\/wp\/v2\/users\/2"}],"replies":[{"embeddable":true,"href":"https:\/\/www.cantabriarallye.net\/newcantabriarallye\/wp-json\/wp\/v2\/comments?post=7633"}],"version-history":[{"count":1,"href":"https:\/\/www.cantabriarallye.net\/newcantabriarallye\/wp-json\/wp\/v2\/posts\/7633\/revisions"}],"predecessor-version":[{"id":7635,"href":"https:\/\/www.cantabriarallye.net\/newcantabriarallye\/wp-json\/wp\/v2\/posts\/7633\/revisions\/7635"}],"wp:featuredmedia":[{"embeddable":true,"href":"https:\/\/www.cantabriarallye.net\/newcantabriarallye\/wp-json\/wp\/v2\/media\/7634"}],"wp:attachment":[{"href":"https:\/\/www.cantabriarallye.net\/newcantabriarallye\/wp-json\/wp\/v2\/media?parent=7633"}],"wp:term":[{"taxonomy":"category","embeddable":true,"href":"https:\/\/www.cantabriarallye.net\/newcantabriarallye\/wp-json\/wp\/v2\/categories?post=7633"},{"taxonomy":"post_tag","embeddable":true,"href":"https:\/\/www.cantabriarallye.net\/newcantabriarallye\/wp-json\/wp\/v2\/tags?post=7633"}],"curies":[{"name":"wp","href":"https:\/\/api.w.org\/{rel}","templated":true}]}}