{"id":7774,"date":"2026-08-31T12:15:13","date_gmt":"2026-08-31T10:15:13","guid":{"rendered":"https:\/\/www.cantabriarallye.net\/newcantabriarallye\/?p=7774"},"modified":"2026-08-30T19:35:39","modified_gmt":"2026-08-30T17:35:39","slug":"rallysprint-falda-de-cabarga-2026-videoentrevistas","status":"publish","type":"post","link":"https:\/\/www.cantabriarallye.net\/newcantabriarallye\/rallysprint-falda-de-cabarga-2026-videoentrevistas\/","title":{"rendered":"Rallysprint Falda de Cabarga 2026- Videoentrevistas"},"content":{"rendered":"<p>Otra edici\u00f3n mas del Rallysprint Falda de Cabarga ya esta aqu\u00ed. La prueba en pocas temporadas, se ha convertido en una de las preferidas de p\u00fablico y pilotos en General. Nuevo tramo remozado, nuevas versiones y tal y como nos dicen, tiene muchas versiones m\u00e1s. La intenci\u00f3n divertir y acercar el rallye al pueblo.<br \/>\nEstuvieron con Nosotros Rub\u00e9n Agudo y Samuel Saiz de la Maza, con los que charlamos de la prueba. Muchas risas sin apenas \u00abtomas falsas\u00bb, pues como ellos, dec\u00edan \u00abtodo vale\u00bb.<br \/>\nEl pr\u00f3ximo 4 y 5 de septiembre la cita esta en Falda de Cabarga.<\/p>\n<table border=\"0\" align=\"center\">\n<tbody>\n<tr>\n<td colspan=\"1\" rowspan=\"1\">\n<p align=\"center\"><img decoding=\"async\" src=\"https:\/\/www.cantabriarallye.net\/newcantabriarallye\/wp-content\/uploads\/2026\/noticias\/videoimpresiones\/falda\/portada.jpg\" border=\"0\" \/><\/p>\n<\/td>\n<\/tr>\n<tr>\n<td colspan=\"1\" rowspan=\"1\">\n<p align=\"center\"><span style=\"font-size: small;\">Foto: Cantabriarallye.net<\/span><\/p>\n<\/td>\n<\/tr>\n<\/tbody>\n<\/table>\n<p><!--more--><\/p>\n<p>Nos visitaban Rub\u00e9n Agudo y Samuel Saiz de la Maza, organizadores de el rallysprint Falda de Cabarga.<br \/>\nRub\u00e9n era el veterano, en nuestras entrevistas y Samuel el debutante, con los que estuvimos hablando.<br \/>\nCharlamos de la seguridad, del tramo, de los horarios incluso de todo lo que est\u00e1n colaborando con el movimiento \u00abVacaciones en Paz\u00bb.<br \/>\nDe nuevo, disfruten como hemos disfrutado nosotros, charlando con Rub\u00e9n Agudo y Samuel Saiz de la Maza sobre una nueva edici\u00f3n del Rallysprint Falda de Cabarga 2026.<\/p>\n<h1 style=\"text-align: center;\"><strong>VIDEO-ENTREVISTA<\/strong><\/h1>\n<table border=\"0\" width=\"57%\" align=\"center\">\n<tbody>\n<tr>\n<td colspan=\"1\" rowspan=\"1\">\n<p align=\"center\">Rub\u00e9n Agudo y Samuel Saiz de la Maza, &#8211; Rallysprint Falda de Cabarga<\/p>\n<\/td>\n<\/tr>\n<tr>\n<td colspan=\"1\" rowspan=\"1\">\n<p align=\"center\"><iframe loading=\"lazy\" src=\"\/\/www.youtube.com\/embed\/G7UMlnkZRpE\" width=\"560\" height=\"314\" allowfullscreen=\"allowfullscreen\"><\/iframe><\/p>\n<\/td>\n<\/tr>\n<tr>\n<td colspan=\"1\" rowspan=\"1\">\n<hr align=\"center\" \/>\n<\/td>\n<\/tr>\n<tr>\n<td colspan=\"1\" rowspan=\"1\">\n<p align=\"center\"><a href=\"http:\/\/carpinteriabenjamin.com\/carpinteria.htm\"><img decoding=\"async\" src=\"https:\/\/www.cantabriarallye.net\/newcantabriarallye\/wp-content\/uploads\/2017\/noticias\/varios\/benjamin.jpg\" border=\"0\" \/><\/a><\/p>\n<\/td>\n<\/tr>\n<tr>\n<td colspan=\"1\" rowspan=\"1\">\n<p align=\"center\">\n<\/td>\n<\/tr>\n<\/tbody>\n<\/table>\n<!-- AddThis Advanced Settings generic via filter on the_content --><!-- AddThis Share Buttons generic via filter on the_content -->","protected":false},"excerpt":{"rendered":"<p>Otra edici\u00f3n mas del Rallysprint Falda de Cabarga ya esta aqu\u00ed. La prueba en pocas temporadas, se ha convertido en una de las preferidas de p\u00fablico y pilotos en General. Nuevo tramo remozado, nuevas versiones y tal y como nos dicen, tiene muchas versiones m\u00e1s. La intenci\u00f3n divertir y acercar el rallye al pueblo. Estuvieron [&hellip;]<!-- AddThis Advanced Settings generic via filter on wp_trim_excerpt --><!-- AddThis Share Buttons generic via filter on wp_trim_excerpt --><\/p>\n","protected":false},"author":2,"featured_media":7775,"comment_status":"closed","ping_status":"closed","sticky":false,"template":"","format":"standard","meta":{"_exactmetrics_skip_tracking":false,"footnotes":""},"categories":[47],"tags":[],"class_list":["post-7774","post","type-post","status-publish","format-standard","has-post-thumbnail","hentry","category-video-impresiones"],"_links":{"self":[{"href":"https:\/\/www.cantabriarallye.net\/newcantabriarallye\/wp-json\/wp\/v2\/posts\/7774","targetHints":{"allow":["GET"]}}],"collection":[{"href":"https:\/\/www.cantabriarallye.net\/newcantabriarallye\/wp-json\/wp\/v2\/posts"}],"about":[{"href":"https:\/\/www.cantabriarallye.net\/newcantabriarallye\/wp-json\/wp\/v2\/types\/post"}],"author":[{"embeddable":true,"href":"https:\/\/www.cantabriarallye.net\/newcantabriarallye\/wp-json\/wp\/v2\/users\/2"}],"replies":[{"embeddable":true,"href":"https:\/\/www.cantabriarallye.net\/newcantabriarallye\/wp-json\/wp\/v2\/comments?post=7774"}],"version-history":[{"count":2,"href":"https:\/\/www.cantabriarallye.net\/newcantabriarallye\/wp-json\/wp\/v2\/posts\/7774\/revisions"}],"predecessor-version":[{"id":7777,"href":"https:\/\/www.cantabriarallye.net\/newcantabriarallye\/wp-json\/wp\/v2\/posts\/7774\/revisions\/7777"}],"wp:featuredmedia":[{"embeddable":true,"href":"https:\/\/www.cantabriarallye.net\/newcantabriarallye\/wp-json\/wp\/v2\/media\/7775"}],"wp:attachment":[{"href":"https:\/\/www.cantabriarallye.net\/newcantabriarallye\/wp-json\/wp\/v2\/media?parent=7774"}],"wp:term":[{"taxonomy":"category","embeddable":true,"href":"https:\/\/www.cantabriarallye.net\/newcantabriarallye\/wp-json\/wp\/v2\/categories?post=7774"},{"taxonomy":"post_tag","embeddable":true,"href":"https:\/\/www.cantabriarallye.net\/newcantabriarallye\/wp-json\/wp\/v2\/tags?post=7774"}],"curies":[{"name":"wp","href":"https:\/\/api.w.org\/{rel}","templated":true}]}}